{"id":19749,"date":"2025-01-28T10:41:43","date_gmt":"2025-01-28T09:41:43","guid":{"rendered":"https:\/\/www.cudosconsultors.com\/?p=19749"},"modified":"2025-01-28T10:42:52","modified_gmt":"2025-01-28T09:42:52","slug":"facturas","status":"publish","type":"post","link":"https:\/\/www.cudosconsultors.com\/zh-hans\/facturas\/","title":{"rendered":"Las pymes deber\u00e1n compartir las facturas con Hacienda en enero de 2026 y los aut\u00f3nomos en julio de ese a\u00f1o"},"content":{"rendered":"<p><div class=\"fusion-fullwidth fullwidth-box fusion-builder-row-1 fusion-flex-container hundred-percent-fullwidth non-hundred-percent-height-scrolling\" style=\"background-color: rgba(255,255,255,0);background-position: center center;background-repeat: no-repeat;border-width: 0px 0px 0px 0px;border-color:#e2e2e2;border-style:solid;\" ><div class=\"fusion-builder-row fusion-row fusion-flex-align-items-stretch\" style=\"width:calc( 100% + ) !important;max-width:calc( 100% + ) !important;margin-left: calc(- \/ 2 );margin-right: calc(- \/ 2 );\"><div class=\"fusion-layout-column fusion_builder_column fusion-builder-column-0 fusion_builder_column_1_1 1_1 fusion-flex-column\"><div class=\"fusion-column-wrapper fusion-flex-justify-content-center fusion-content-layout-column\" style=\"background-position:center top;background-repeat:no-repeat;-webkit-background-size:cover;-moz-background-size:cover;-o-background-size:cover;background-size:cover;background-color:#002169;border-width: 0px 0 0px 50px;border-color:#002169;border-style:solid;padding: 0px 0px 0px 0px;\"><div ><span class=\" fusion-imageframe imageframe-none imageframe-1 hover-type-zoomin\" style=\"max-width:400px;\"><img decoding=\"async\" width=\"2000\" height=\"2076\" title=\"autonom_factura\" src=\"https:\/\/www.cudosconsultors.com\/wp-content\/uploads\/2025\/01\/autonom_factura.jpg\" alt class=\"img-responsive wp-image-19751\" srcset=\"https:\/\/www.cudosconsultors.com\/wp-content\/uploads\/2025\/01\/autonom_factura-200x208.jpg 200w, https:\/\/www.cudosconsultors.com\/wp-content\/uploads\/2025\/01\/autonom_factura-400x415.jpg 400w, https:\/\/www.cudosconsultors.com\/wp-content\/uploads\/2025\/01\/autonom_factura-600x623.jpg 600w, https:\/\/www.cudosconsultors.com\/wp-content\/uploads\/2025\/01\/autonom_factura-800x830.jpg 800w, https:\/\/www.cudosconsultors.com\/wp-content\/uploads\/2025\/01\/autonom_factura-1200x1246.jpg 1200w, https:\/\/www.cudosconsultors.com\/wp-content\/uploads\/2025\/01\/autonom_factura.jpg 2000w\" sizes=\"(max-width: 640px) 100vw, 2000px\" \/><\/span><\/div><\/div><style type=\"text\/css\">.fusion-body .fusion-builder-column-0{width:100% !important;margin-top : 0px;margin-bottom : 0px;}.fusion-builder-column-0 > .fusion-column-wrapper {padding-top : 0px !important;padding-right : 0px !important;margin-right : calc( 0.013333333333333 * calc( 100% - no ) );padding-bottom : 0px !important;padding-left : 0px !important;margin-left : no;}@media only screen and (max-width:1024px) {.fusion-body .fusion-builder-column-0{width:40% !important;order : 0;}.fusion-builder-column-0 > .fusion-column-wrapper {margin-right : calc( 0 * calc( 100% - no ) );margin-left : no;}}@media only screen and (max-width:640px) {.fusion-body .fusion-builder-column-0{width:100% !important;order : 0;}.fusion-builder-column-0 > .fusion-column-wrapper {margin-right : no;margin-left : no;}}<\/style><\/div><\/div><style type=\"text\/css\">.fusion-body .fusion-flex-container.fusion-builder-row-1{ padding-top : 0px;margin-top : 0px;padding-right : 0px;padding-bottom : 0px;margin-bottom : 0px;padding-left : 0px;}<\/style><\/div><div class=\"fusion-fullwidth fullwidth-box fusion-builder-row-2 fusion-flex-container nonhundred-percent-fullwidth non-hundred-percent-height-scrolling\" style=\"background-color: rgba(255,255,255,0);background-position: center center;background-repeat: no-repeat;border-width: 0px 0px 0px 0px;border-color:#e2e2e2;border-style:solid;\" ><div class=\"fusion-builder-row fusion-row fusion-flex-align-items-flex-start\" style=\"max-width:1248px;margin-left: calc(-4% \/ 2 );margin-right: calc(-4% \/ 2 );\"><div class=\"fusion-layout-column fusion_builder_column fusion-builder-column-1 fusion_builder_column_1_3 1_3 fusion-flex-column\"><div class=\"fusion-column-wrapper fusion-flex-justify-content-flex-start fusion-content-layout-column\" style=\"background-position:left top;background-repeat:no-repeat;-webkit-background-size:cover;-moz-background-size:cover;-o-background-size:cover;background-size:cover;padding: 30px 0px 0px 0px;\"><style type='text\/css'>.reading-box-container-1 .element-bottomshadow:before,.reading-box-container-1 .element-bottomshadow:after{opacity:0.7;}<\/style><div class=\"fusion-reading-box-container reading-box-container-1 fusion-animated\" data-animationType=\"fadeInLeft\" data-animationDuration=\"0.3\" data-animationOffset=\"top-into-view\" style=\"margin-top:30px;margin-bottom:30px;\"><div class=\"reading-box\" style=\"background-color:#ffffff;border-width:5px;border-color:#ffffff;border-left-width:5px;border-left-color:var(--primary_color);border-style:solid;\"><h2>Las pymes deber\u00e1n compartir las facturas con Hacienda en enero de 2026 y los aut\u00f3nomos en julio de ese a\u00f1o<\/h2><div class=\"reading-box-description fusion-reading-box-additional\">28\/01\/2025<\/div><div class=\"fusion-clearfix\"><\/div><\/div><\/div><\/div><style type=\"text\/css\">.fusion-body .fusion-builder-column-1{width:33.333333333333% !important;margin-top : 0px;margin-bottom : 20px;}.fusion-builder-column-1 > .fusion-column-wrapper {padding-top : 30px !important;padding-right : 0px !important;margin-right : 5.76%;padding-bottom : 0px !important;padding-left : 0px !important;margin-left : 5.76%;}@media only screen and (max-width:1024px) {.fusion-body .fusion-builder-column-1{width:33.333333333333% !important;order : 0;}.fusion-builder-column-1 > .fusion-column-wrapper {margin-right : 5.76%;margin-left : 5.76%;}}@media only screen and (max-width:640px) {.fusion-body .fusion-builder-column-1{width:100% !important;order : 0;margin-top : 0px;margin-bottom : 0px;}.fusion-builder-column-1 > .fusion-column-wrapper {padding-top : 0px !important;margin-right : 1.92%;margin-left : 1.92%;}}<\/style><\/div><div class=\"fusion-layout-column fusion_builder_column fusion-builder-column-2 fusion_builder_column_2_3 2_3 fusion-flex-column\"><div class=\"fusion-column-wrapper fusion-flex-justify-content-flex-start fusion-content-layout-column\" style=\"background-position:left top;background-repeat:no-repeat;-webkit-background-size:cover;-moz-background-size:cover;-o-background-size:cover;background-size:cover;padding: 75px 0px 0px 0px;\"><div class=\"fusion-text fusion-text-1\"><p>Hacienda ya ha fijado una fecha para que las pymes y aut\u00f3nomos con ingresos inferiores a 6 millones de euros comiencen a compartir su facturaci\u00f3n de manera inmediata con la Agencia Tributaria. Seg\u00fan el Ministerio liderado por Mar\u00eda Jes\u00fas Montero, esta obligaci\u00f3n entrar\u00e1 en vigor de forma gradual: a partir del 1 de enero de 2026 para las empresas y desde el 1 de julio de 2026 para los aut\u00f3nomos. Esta medida, derivada de la Ley contra el fraude fiscal de 2021, busca reducir la evasi\u00f3n fiscal y combatir la econom\u00eda sumergida.<\/p>\n<p>El Ministerio de Hacienda ha sometido a consulta p\u00fablica una modificaci\u00f3n del Real Decreto de diciembre de 2023, que establec\u00eda los requisitos para los sistemas inform\u00e1ticos que deben usar pymes y aut\u00f3nomos para enviar sus facturas al fisco. Seg\u00fan esta norma, las empresas desarrolladoras de software contaban con un plazo de nueve meses, a partir de la publicaci\u00f3n de la orden ministerial, para adaptar sus programas a los nuevos requisitos. En consecuencia, las empresas y profesionales tendr\u00edan que haber comenzado a remitir sus facturas como tarde el 1 de julio de 2025.<\/p>\n<p>No obstante, la orden ministerial se public\u00f3 reci\u00e9n el 28 de octubre, lo cual ha obligado a Hacienda a ajustar los plazos, concediendo a las empresas de software hasta el 29 de julio de 2025 para adaptarse y postergando la obligaci\u00f3n hasta 2026.<\/p>\n<p>La implementaci\u00f3n escalonada responde a la conciencia de Hacienda de que los aut\u00f3nomos podr\u00edan enfrentar m\u00e1s dificultades que las empresas para adquirir estos programas. Adem\u00e1s, este periodo adicional permitir\u00e1 a la Agencia Tributaria desarrollar una aplicaci\u00f3n gratuita para facilitar el proceso a las peque\u00f1as empresas y aut\u00f3nomos con menor facturaci\u00f3n.<\/p>\n<p>Por otro lado, Hacienda aclara que estos nuevos requisitos solo aplicar\u00e1n a empresas que facturan menos de 6 millones de euros anuales. Las compa\u00f1\u00edas que superen este umbral y ya utilizan el sistema de Suministro Inmediato de Informaci\u00f3n (SII) desde 2017 no tendr\u00e1n que adoptar los nuevos programas, evitando as\u00ed costos adicionales para quienes ya cumplen con esta normativa.<\/p>\n<p><strong>Fuente:<\/strong> <em>El Economista<\/em><\/p>\n<\/div><\/div><style type=\"text\/css\">.fusion-body .fusion-builder-column-2{width:66.666666666667% !important;margin-top : 0px;margin-bottom : 20px;}.fusion-builder-column-2 > .fusion-column-wrapper {padding-top : 75px !important;padding-right : 0px !important;margin-right : 2.88%;padding-bottom : 0px !important;padding-left : 0px !important;margin-left : 2.88%;}@media only screen and (max-width:1024px) {.fusion-body .fusion-builder-column-2{width:66.666666666667% !important;order : 0;}.fusion-builder-column-2 > .fusion-column-wrapper {margin-right : 2.88%;margin-left : 2.88%;}}@media only screen and (max-width:640px) {.fusion-body .fusion-builder-column-2{width:100% !important;order : 0;margin-top : 0px;margin-bottom : 0px;}.fusion-builder-column-2 > .fusion-column-wrapper {padding-top : 0px !important;margin-right : 1.92%;padding-bottom : 0px !important;margin-left : 1.92%;}}<\/style><\/div><\/div><style type=\"text\/css\">.fusion-body .fusion-flex-container.fusion-builder-row-2{ padding-top : 0px;margin-top : 0px;padding-right : 0px;padding-bottom : 0px;margin-bottom : 0px;padding-left : 0px;}<\/style><\/div><\/p>\n","protected":false},"excerpt":{"rendered":"","protected":false},"author":1,"featured_media":19751,"comment_status":"open","ping_status":"closed","sticky":false,"template":"","format":"standard","meta":{"footnotes":""},"categories":[79],"tags":[],"class_list":["post-19749","post","type-post","status-publish","format-standard","has-post-thumbnail","hentry","category-fiscal-zh"],"_links":{"self":[{"href":"https:\/\/www.cudosconsultors.com\/zh-hans\/wp-json\/wp\/v2\/posts\/19749","targetHints":{"allow":["GET"]}}],"collection":[{"href":"https:\/\/www.cudosconsultors.com\/zh-hans\/wp-json\/wp\/v2\/posts"}],"about":[{"href":"https:\/\/www.cudosconsultors.com\/zh-hans\/wp-json\/wp\/v2\/types\/post"}],"author":[{"embeddable":true,"href":"https:\/\/www.cudosconsultors.com\/zh-hans\/wp-json\/wp\/v2\/users\/1"}],"replies":[{"embeddable":true,"href":"https:\/\/www.cudosconsultors.com\/zh-hans\/wp-json\/wp\/v2\/comments?post=19749"}],"version-history":[{"count":3,"href":"https:\/\/www.cudosconsultors.com\/zh-hans\/wp-json\/wp\/v2\/posts\/19749\/revisions"}],"predecessor-version":[{"id":19762,"href":"https:\/\/www.cudosconsultors.com\/zh-hans\/wp-json\/wp\/v2\/posts\/19749\/revisions\/19762"}],"wp:featuredmedia":[{"embeddable":true,"href":"https:\/\/www.cudosconsultors.com\/zh-hans\/wp-json\/wp\/v2\/media\/19751"}],"wp:attachment":[{"href":"https:\/\/www.cudosconsultors.com\/zh-hans\/wp-json\/wp\/v2\/media?parent=19749"}],"wp:term":[{"taxonomy":"category","embeddable":true,"href":"https:\/\/www.cudosconsultors.com\/zh-hans\/wp-json\/wp\/v2\/categories?post=19749"},{"taxonomy":"post_tag","embeddable":true,"href":"https:\/\/www.cudosconsultors.com\/zh-hans\/wp-json\/wp\/v2\/tags?post=19749"}],"curies":[{"name":"wp","href":"https:\/\/api.w.org\/{rel}","templated":true}]}}