{"id":16721,"date":"2023-10-26T09:42:40","date_gmt":"2023-10-26T07:42:40","guid":{"rendered":"https:\/\/www.cudosconsultors.com\/?p=16721"},"modified":"2023-10-26T09:48:32","modified_gmt":"2023-10-26T07:48:32","slug":"grabaciones","status":"publish","type":"post","link":"https:\/\/www.cudosconsultors.com\/zh-hans\/grabaciones\/","title":{"rendered":"Las grabaciones de conversaciones entre particulares y su uso en el proceso penal"},"content":{"rendered":"<p><div class=\"fusion-fullwidth fullwidth-box fusion-builder-row-1 fusion-flex-container hundred-percent-fullwidth non-hundred-percent-height-scrolling\" style=\"background-color: rgba(255,255,255,0);background-position: center center;background-repeat: no-repeat;border-width: 0px 0px 0px 0px;border-color:#e2e2e2;border-style:solid;\" ><div class=\"fusion-builder-row fusion-row fusion-flex-align-items-stretch\" style=\"width:calc( 100% + ) !important;max-width:calc( 100% + ) !important;margin-left: calc(- \/ 2 );margin-right: calc(- \/ 2 );\"><div class=\"fusion-layout-column fusion_builder_column fusion-builder-column-0 fusion_builder_column_1_1 1_1 fusion-flex-column\"><div class=\"fusion-column-wrapper fusion-flex-justify-content-center fusion-content-layout-column\" style=\"background-position:center top;background-repeat:no-repeat;-webkit-background-size:cover;-moz-background-size:cover;-o-background-size:cover;background-size:cover;background-color:#002169;border-width: 0px 0 0px 50px;border-color:#002169;border-style:solid;padding: 0px 0px 0px 0px;\"><div ><span class=\" fusion-imageframe imageframe-none imageframe-1 hover-type-zoomin\" style=\"max-width:400px;\"><img decoding=\"async\" width=\"1796\" height=\"1567\" title=\"gravacio\" src=\"https:\/\/www.cudosconsultors.com\/wp-content\/uploads\/2023\/10\/gravacio.jpg\" alt class=\"img-responsive wp-image-16723\" srcset=\"https:\/\/www.cudosconsultors.com\/wp-content\/uploads\/2023\/10\/gravacio-200x174.jpg 200w, https:\/\/www.cudosconsultors.com\/wp-content\/uploads\/2023\/10\/gravacio-400x349.jpg 400w, https:\/\/www.cudosconsultors.com\/wp-content\/uploads\/2023\/10\/gravacio-600x523.jpg 600w, https:\/\/www.cudosconsultors.com\/wp-content\/uploads\/2023\/10\/gravacio-800x698.jpg 800w, https:\/\/www.cudosconsultors.com\/wp-content\/uploads\/2023\/10\/gravacio-1200x1047.jpg 1200w, https:\/\/www.cudosconsultors.com\/wp-content\/uploads\/2023\/10\/gravacio.jpg 1796w\" sizes=\"(max-width: 640px) 100vw, 1796px\" \/><\/span><\/div><\/div><style type=\"text\/css\">.fusion-body .fusion-builder-column-0{width:100% !important;margin-top : 0px;margin-bottom : 0px;}.fusion-builder-column-0 > .fusion-column-wrapper {padding-top : 0px !important;padding-right : 0px !important;margin-right : calc( 0.013333333333333 * calc( 100% - no ) );padding-bottom : 0px !important;padding-left : 0px !important;margin-left : no;}@media only screen and (max-width:1024px) {.fusion-body .fusion-builder-column-0{width:40% !important;order : 0;}.fusion-builder-column-0 > .fusion-column-wrapper {margin-right : calc( 0 * calc( 100% - no ) );margin-left : no;}}@media only screen and (max-width:640px) {.fusion-body .fusion-builder-column-0{width:100% !important;order : 0;}.fusion-builder-column-0 > .fusion-column-wrapper {margin-right : no;margin-left : no;}}<\/style><\/div><\/div><style type=\"text\/css\">.fusion-body .fusion-flex-container.fusion-builder-row-1{ padding-top : 0px;margin-top : 0px;padding-right : 0px;padding-bottom : 0px;margin-bottom : 0px;padding-left : 0px;}<\/style><\/div><div class=\"fusion-fullwidth fullwidth-box fusion-builder-row-2 fusion-flex-container nonhundred-percent-fullwidth non-hundred-percent-height-scrolling\" style=\"background-color: rgba(255,255,255,0);background-position: center center;background-repeat: no-repeat;border-width: 0px 0px 0px 0px;border-color:#e2e2e2;border-style:solid;\" ><div class=\"fusion-builder-row fusion-row fusion-flex-align-items-flex-start\" style=\"max-width:1248px;margin-left: calc(-4% \/ 2 );margin-right: calc(-4% \/ 2 );\"><div class=\"fusion-layout-column fusion_builder_column fusion-builder-column-1 fusion_builder_column_1_3 1_3 fusion-flex-column\"><div class=\"fusion-column-wrapper fusion-flex-justify-content-flex-start fusion-content-layout-column\" style=\"background-position:left top;background-repeat:no-repeat;-webkit-background-size:cover;-moz-background-size:cover;-o-background-size:cover;background-size:cover;padding: 30px 0px 0px 0px;\"><style type='text\/css'>.reading-box-container-1 .element-bottomshadow:before,.reading-box-container-1 .element-bottomshadow:after{opacity:0.7;}<\/style><div class=\"fusion-reading-box-container reading-box-container-1 fusion-animated\" data-animationType=\"fadeInLeft\" data-animationDuration=\"0.3\" data-animationOffset=\"top-into-view\" style=\"margin-top:30px;margin-bottom:30px;\"><div class=\"reading-box\" style=\"background-color:#ffffff;border-width:5px;border-color:#ffffff;border-left-width:5px;border-left-color:var(--primary_color);border-style:solid;\"><h2>Las grabaciones de conversaciones entre particulares y su uso en el proceso penal<\/h2><div class=\"reading-box-description fusion-reading-box-additional\">26\/10\/2023<\/div><div class=\"fusion-clearfix\"><\/div><\/div><\/div><\/div><style type=\"text\/css\">.fusion-body .fusion-builder-column-1{width:33.333333333333% !important;margin-top : 0px;margin-bottom : 20px;}.fusion-builder-column-1 > .fusion-column-wrapper {padding-top : 30px !important;padding-right : 0px !important;margin-right : 5.76%;padding-bottom : 0px !important;padding-left : 0px !important;margin-left : 5.76%;}@media only screen and (max-width:1024px) {.fusion-body .fusion-builder-column-1{width:33.333333333333% !important;order : 0;}.fusion-builder-column-1 > .fusion-column-wrapper {margin-right : 5.76%;margin-left : 5.76%;}}@media only screen and (max-width:640px) {.fusion-body .fusion-builder-column-1{width:100% !important;order : 0;margin-top : 0px;margin-bottom : 0px;}.fusion-builder-column-1 > .fusion-column-wrapper {padding-top : 0px !important;margin-right : 1.92%;margin-left : 1.92%;}}<\/style><\/div><div class=\"fusion-layout-column fusion_builder_column fusion-builder-column-2 fusion_builder_column_2_3 2_3 fusion-flex-column\"><div class=\"fusion-column-wrapper fusion-flex-justify-content-flex-start fusion-content-layout-column\" style=\"background-position:left top;background-repeat:no-repeat;-webkit-background-size:cover;-moz-background-size:cover;-o-background-size:cover;background-size:cover;padding: 75px 0px 0px 0px;\"><div class=\"fusion-text fusion-text-1\"><p>La Memoria de la Fiscal\u00eda del 2022 analiza las grabaciones de conversaciones subrepticiamente captadas por particulares cuando contiene un reconocimiento de los hechos por parte de la persona sospechosa.<\/p>\n<p>Se cita la STS 167\/2020, de 19 de mayo, que ofrece pautas que condensan la doctrina jurisprudencial elaborada sobre dicho particular hasta la fecha:<\/p>\n<ol>\n<li>La utilizaci\u00f3n en el proceso penal de grabaciones de conversaciones privadas realizadas por uno de los interlocutores no vulnera el derecho al secreto de las comunicaciones.<\/li>\n<li>Tampoco vulnera el derecho a la intimidad, salvo casos excepcionales en los que el contenido de la conversaci\u00f3n afectase al n\u00facleo de la intimidad personal o familiar de uno de los interlocutores.<\/li>\n<li>Las grabaciones realizadas desde una posici\u00f3n de superioridad institucional (agentes de la autoridad o superiores jer\u00e1rquicos) para obtener una confesi\u00f3n extraprocesal arrancada mediante enga\u00f1o vulneran el derecho fundamental a no declarar contra s\u00ed mismo y a no confesarse culpable y, en consecuencia, incurren en nulidad probatoria.<\/li>\n<li>Las grabaciones realizadas en el \u00e1mbito particular no vulneran el derecho fundamental a no declarar contra s\u00ed mismo y a no confesarse culpable.<\/li>\n<li>Puede vulnerar el derecho a un proceso con todas las garant\u00edas aquella grabaci\u00f3n en la que la persona ha sido conducida al encuentro utilizando argucias con la premeditada pretensi\u00f3n de hacerle manifestar hechos que pudieran ser utilizados en su contra, en cuyo caso habr\u00e1n de ponderarse el conjunto de circunstancias concurrentes.<\/li>\n<\/ol>\n<p><a href=\"https:\/\/www.fiscal.es\/memorias\/memoria2023\/FISCALIA_SITE\/recursos\/pdf\/MEMFIS23.pdf\" target=\"_blank\" rel=\"noopener\"><span style=\"color: #000000;\"><strong>Aqu\u00ed encontrar\u00e1 la referencia dentro la Memoria de la Fiscal\u00eda de 2022, p\u00e1gina 1349.<\/strong><\/span><\/a><\/p>\n<p><strong>Ramon Arn\u00f3 Torrades<\/strong><br \/>\nCeo de <em>La Familia Digital<\/em><\/p>\n<\/div><\/div><style type=\"text\/css\">.fusion-body .fusion-builder-column-2{width:66.666666666667% !important;margin-top : 0px;margin-bottom : 20px;}.fusion-builder-column-2 > .fusion-column-wrapper {padding-top : 75px !important;padding-right : 0px !important;margin-right : 2.88%;padding-bottom : 0px !important;padding-left : 0px !important;margin-left : 2.88%;}@media only screen and (max-width:1024px) {.fusion-body .fusion-builder-column-2{width:66.666666666667% !important;order : 0;}.fusion-builder-column-2 > .fusion-column-wrapper {margin-right : 2.88%;margin-left : 2.88%;}}@media only screen and (max-width:640px) {.fusion-body .fusion-builder-column-2{width:100% !important;order : 0;margin-top : 0px;margin-bottom : 0px;}.fusion-builder-column-2 > .fusion-column-wrapper {padding-top : 0px !important;margin-right : 1.92%;padding-bottom : 0px !important;margin-left : 1.92%;}}<\/style><\/div><\/div><style type=\"text\/css\">.fusion-body .fusion-flex-container.fusion-builder-row-2{ padding-top : 0px;margin-top : 0px;padding-right : 0px;padding-bottom : 0px;margin-bottom : 0px;padding-left : 0px;}<\/style><\/div><\/p>\n","protected":false},"excerpt":{"rendered":"","protected":false},"author":1,"featured_media":16723,"comment_status":"open","ping_status":"closed","sticky":false,"template":"","format":"standard","meta":{"footnotes":""},"categories":[81],"tags":[],"class_list":["post-16721","post","type-post","status-publish","format-standard","has-post-thumbnail","hentry","category-juridico-zh-hans"],"_links":{"self":[{"href":"https:\/\/www.cudosconsultors.com\/zh-hans\/wp-json\/wp\/v2\/posts\/16721","targetHints":{"allow":["GET"]}}],"collection":[{"href":"https:\/\/www.cudosconsultors.com\/zh-hans\/wp-json\/wp\/v2\/posts"}],"about":[{"href":"https:\/\/www.cudosconsultors.com\/zh-hans\/wp-json\/wp\/v2\/types\/post"}],"author":[{"embeddable":true,"href":"https:\/\/www.cudosconsultors.com\/zh-hans\/wp-json\/wp\/v2\/users\/1"}],"replies":[{"embeddable":true,"href":"https:\/\/www.cudosconsultors.com\/zh-hans\/wp-json\/wp\/v2\/comments?post=16721"}],"version-history":[{"count":2,"href":"https:\/\/www.cudosconsultors.com\/zh-hans\/wp-json\/wp\/v2\/posts\/16721\/revisions"}],"predecessor-version":[{"id":16733,"href":"https:\/\/www.cudosconsultors.com\/zh-hans\/wp-json\/wp\/v2\/posts\/16721\/revisions\/16733"}],"wp:featuredmedia":[{"embeddable":true,"href":"https:\/\/www.cudosconsultors.com\/zh-hans\/wp-json\/wp\/v2\/media\/16723"}],"wp:attachment":[{"href":"https:\/\/www.cudosconsultors.com\/zh-hans\/wp-json\/wp\/v2\/media?parent=16721"}],"wp:term":[{"taxonomy":"category","embeddable":true,"href":"https:\/\/www.cudosconsultors.com\/zh-hans\/wp-json\/wp\/v2\/categories?post=16721"},{"taxonomy":"post_tag","embeddable":true,"href":"https:\/\/www.cudosconsultors.com\/zh-hans\/wp-json\/wp\/v2\/tags?post=16721"}],"curies":[{"name":"wp","href":"https:\/\/api.w.org\/{rel}","templated":true}]}}