{"id":13710,"date":"2022-09-20T09:59:57","date_gmt":"2022-09-20T07:59:57","guid":{"rendered":"https:\/\/www.cudos-consultors.com\/datos_alumnos\/"},"modified":"2022-09-20T10:11:15","modified_gmt":"2022-09-20T08:11:15","slug":"datos_alumnos","status":"publish","type":"post","link":"https:\/\/www.cudosconsultors.com\/zh-hans\/datos_alumnos\/","title":{"rendered":"Tratamiento de los datos de los alumnos en los centros educativos"},"content":{"rendered":"<p><div class=\"fusion-fullwidth fullwidth-box fusion-builder-row-1 fusion-flex-container hundred-percent-fullwidth non-hundred-percent-height-scrolling\" style=\"background-color: rgba(255,255,255,0);background-position: center center;background-repeat: no-repeat;border-width: 0px 0px 0px 0px;border-color:#e2e2e2;border-style:solid;\" ><div class=\"fusion-builder-row fusion-row fusion-flex-align-items-stretch\" style=\"width:calc( 100% + ) !important;max-width:calc( 100% + ) !important;margin-left: calc(- \/ 2 );margin-right: calc(- \/ 2 );\"><div class=\"fusion-layout-column fusion_builder_column fusion-builder-column-0 fusion_builder_column_1_1 1_1 fusion-flex-column\"><div class=\"fusion-column-wrapper fusion-flex-justify-content-center fusion-content-layout-column\" style=\"background-position:center top;background-repeat:no-repeat;-webkit-background-size:cover;-moz-background-size:cover;-o-background-size:cover;background-size:cover;background-color:#002169;border-width: 0px 0 0px 50px;border-color:#002169;border-style:solid;padding: 0px 0px 0px 0px;\"><div ><span class=\" fusion-imageframe imageframe-none imageframe-1 hover-type-zoomin\" style=\"max-width:500px;\"><img decoding=\"async\" width=\"1920\" height=\"1280\" title=\"alumnat\" src=\"https:\/\/www.cudosconsultors.com\/wp-content\/uploads\/2022\/09\/alumnat.jpg\" alt class=\"img-responsive wp-image-13695\" srcset=\"https:\/\/www.cudosconsultors.com\/wp-content\/uploads\/2022\/09\/alumnat-200x133.jpg 200w, https:\/\/www.cudosconsultors.com\/wp-content\/uploads\/2022\/09\/alumnat-400x267.jpg 400w, https:\/\/www.cudosconsultors.com\/wp-content\/uploads\/2022\/09\/alumnat-600x400.jpg 600w, https:\/\/www.cudosconsultors.com\/wp-content\/uploads\/2022\/09\/alumnat-800x533.jpg 800w, https:\/\/www.cudosconsultors.com\/wp-content\/uploads\/2022\/09\/alumnat-1200x800.jpg 1200w, https:\/\/www.cudosconsultors.com\/wp-content\/uploads\/2022\/09\/alumnat.jpg 1920w\" sizes=\"(max-width: 640px) 100vw, 1920px\" \/><\/span><\/div><\/div><style type=\"text\/css\">.fusion-body .fusion-builder-column-0{width:100% !important;margin-top : 0px;margin-bottom : 0px;}.fusion-builder-column-0 > .fusion-column-wrapper {padding-top : 0px !important;padding-right : 0px !important;margin-right : calc( 0.013333333333333 * calc( 100% - no ) );padding-bottom : 0px !important;padding-left : 0px !important;margin-left : no;}@media only screen and (max-width:1024px) {.fusion-body .fusion-builder-column-0{width:40% !important;order : 0;}.fusion-builder-column-0 > .fusion-column-wrapper {margin-right : calc( 0 * calc( 100% - no ) );margin-left : no;}}@media only screen and (max-width:640px) {.fusion-body .fusion-builder-column-0{width:100% !important;order : 0;}.fusion-builder-column-0 > .fusion-column-wrapper {margin-right : no;margin-left : no;}}<\/style><\/div><\/div><style type=\"text\/css\">.fusion-body .fusion-flex-container.fusion-builder-row-1{ padding-top : 0px;margin-top : 0px;padding-right : 0px;padding-bottom : 0px;margin-bottom : 0px;padding-left : 0px;}<\/style><\/div><div class=\"fusion-fullwidth fullwidth-box fusion-builder-row-2 fusion-flex-container nonhundred-percent-fullwidth non-hundred-percent-height-scrolling\" style=\"background-color: rgba(255,255,255,0);background-position: center center;background-repeat: no-repeat;border-width: 0px 0px 0px 0px;border-color:#e2e2e2;border-style:solid;\" ><div class=\"fusion-builder-row fusion-row fusion-flex-align-items-flex-start\" style=\"max-width:1248px;margin-left: calc(-4% \/ 2 );margin-right: calc(-4% \/ 2 );\"><div class=\"fusion-layout-column fusion_builder_column fusion-builder-column-1 fusion_builder_column_1_3 1_3 fusion-flex-column\"><div class=\"fusion-column-wrapper fusion-flex-justify-content-flex-start fusion-content-layout-column\" style=\"background-position:left top;background-repeat:no-repeat;-webkit-background-size:cover;-moz-background-size:cover;-o-background-size:cover;background-size:cover;padding: 30px 0px 0px 0px;\"><style type='text\/css'>.reading-box-container-1 .element-bottomshadow:before,.reading-box-container-1 .element-bottomshadow:after{opacity:0.7;}<\/style><div class=\"fusion-reading-box-container reading-box-container-1 fusion-animated\" data-animationType=\"fadeInLeft\" data-animationDuration=\"0.3\" data-animationOffset=\"top-into-view\" style=\"margin-top:30px;margin-bottom:30px;\"><div class=\"reading-box\" style=\"background-color:#ffffff;border-width:5px;border-color:#ffffff;border-left-width:5px;border-left-color:var(--primary_color);border-style:solid;\"><h2>Tratamiento de los datos de los alumnos en los centros educativos<\/h2><div class=\"reading-box-description fusion-reading-box-additional\">20\/09\/2022<\/div><div class=\"fusion-clearfix\"><\/div><\/div><\/div><\/div><style type=\"text\/css\">.fusion-body .fusion-builder-column-1{width:33.333333333333% !important;margin-top : 0px;margin-bottom : 20px;}.fusion-builder-column-1 > .fusion-column-wrapper {padding-top : 30px !important;padding-right : 0px !important;margin-right : 5.76%;padding-bottom : 0px !important;padding-left : 0px !important;margin-left : 5.76%;}@media only screen and (max-width:1024px) {.fusion-body .fusion-builder-column-1{width:33.333333333333% !important;order : 0;}.fusion-builder-column-1 > .fusion-column-wrapper {margin-right : 5.76%;margin-left : 5.76%;}}@media only screen and (max-width:640px) {.fusion-body .fusion-builder-column-1{width:100% !important;order : 0;margin-top : 0px;margin-bottom : 0px;}.fusion-builder-column-1 > .fusion-column-wrapper {padding-top : 0px !important;margin-right : 1.92%;margin-left : 1.92%;}}<\/style><\/div><div class=\"fusion-layout-column fusion_builder_column fusion-builder-column-2 fusion_builder_column_2_3 2_3 fusion-flex-column\"><div class=\"fusion-column-wrapper fusion-flex-justify-content-flex-start fusion-content-layout-column\" style=\"background-position:left top;background-repeat:no-repeat;-webkit-background-size:cover;-moz-background-size:cover;-o-background-size:cover;background-size:cover;padding: 75px 0px 0px 0px;\"><div class=\"fusion-text fusion-text-1\"><p>Interesante informe de la <strong>AEPD<\/strong> que analiza el tratamiento de datos en los centros educativos:<\/p>\n<p><strong>\u00bfPueden los centros colocar en los tablones de anuncios las listas del alumnado admitido?<\/strong><\/p>\n<p>S\u00ed, el centro tiene que informar sobre el alumnado que ha sido admitido si existe un procedimiento de concurrencia competitiva en el que se valoran y punt\u00faan determinadas circunstancias.<\/p>\n<p>No obstante, esa lista solo podr\u00e1 estar publicada en los tablones de anuncios del interior del centro o en una p\u00e1gina web de acceso restringido a quienes hayan solicitado la admisi\u00f3n.<\/p>\n<p>Esta publicaci\u00f3n deber\u00e1 recoger s\u00f3lo el resultado final del baremo, no resultados parciales que puedan responder a datos o informaci\u00f3n sensible o poner de manifiesto la capacidad econ\u00f3mica de la familia.<\/p>\n<p>Cuando ya no sean necesarios estos listados hay que retirarlos, aunque el centro podr\u00e1 conservarlos por si se plantean reclamaciones.<\/p>\n<p><strong>\u00bfSe pueden publicar los datos de los beneficiarios de becas, subvenciones y otras ayudas p\u00fablicas?<\/strong><\/p>\n<p>Pueden publicar esta informaci\u00f3n para informar a los beneficiarios, indicando el importe, el objetivo o finalidad y los beneficiarios de las becas.<\/p>\n<p>En ning\u00fan caso debe publicarse el nombre y apellidos de manera conjunta con el DNI. Como mucho, se publicar\u00e1 el nombre, apellidos y 4 cifras de DNI de manera aleatoria.<\/p>\n<p>Si los criterios de las ayudas implican conocer categor\u00edas especiales de datos hay que valorar y analizar individualmente si esto podr\u00eda afectar a la esfera \u00edntima de la persona, en el caso de que, por ejemplo, se ponga de manifiesto su capacidad econ\u00f3mica o su situaci\u00f3n de riesgo de exclusi\u00f3n social.<\/p>\n<p>Cuando ya no sean necesarios estos listados, habr\u00e1 que retirarlos.<\/p>\n<p><strong>\u00bfSe puede publicar en el comedor del centro el men\u00fa del alumnado?<\/strong><\/p>\n<p>Se pueden publicar los diferentes men\u00fas, ya que puede existir alumnado con necesidades alimentarias especiales por razones de salud o religi\u00f3n, pero sin que exista un listado con nombre y apellidos de los alumnos o alumnas y su men\u00fa correspondiente.<\/p>\n<p>El centro s\u00ed podr\u00e1 disponer de esos listados para el uso de los mismos por su servicio de comedor interno, pero sin darles publicidad.<\/p>\n<p><strong>\u00bfSe pueden hacer p\u00fablicas las calificaciones escolares?<\/strong><\/p>\n<p>Las calificaciones del alumnado se ha de facilitar al alumnado y a sus padres. En el caso de comunicarlas a trav\u00e9s de plataformas educativas, s\u00f3lo pueden tener acceso los propios alumnos o alumnas, sus padres o tutores.<\/p>\n<p>No obstante, s\u00ed ser\u00eda posible comunicar la situaci\u00f3n del alumno\/a en el entorno de su clase, por ejemplo, mostrando su calificaci\u00f3n frente a la media de sus compa\u00f1eros\/as.<\/p>\n<p><strong>\u00bfPueden los centros educativos captar im\u00e1genes del alumnado durante las actividades escolares?<\/strong><\/p>\n<p>Los centros est\u00e1n legitimados para grabar im\u00e1genes como parte de la funci\u00f3n educativa, pero deben disponer del consentimiento de los interesados\/as o de sus padres o tutores para otros fines, como la difusi\u00f3n del centro o sus actividades.<\/p>\n<p>Tambi\u00e9n es posible la toma de im\u00e1genes del alumnado en eventos escolares para la \u00fanica finalidad de que los padres pudieran tener acceso a ellas.<\/p>\n<p>El acceso tiene que ser seguro, con previa identificaci\u00f3n y autenticaci\u00f3n.<\/p>\n<p>Recordamos que quienes acceden a las im\u00e1genes no pueden publicarlo en Internet.<\/p>\n<p><strong>\u00bfPuede un docente grabar im\u00e1genes del alumnado para una actividad escolar?<\/strong><\/p>\n<p>Los profesores, en el desarrollo de la programaci\u00f3n y ense\u00f1anza, pueden realizar ejercicios que impliquen la grabaci\u00f3n de im\u00e1genes del alumnado, pero solo pueden ser accesibles para quienes est\u00e9n involucrados en dicha actividad, sus padres o tutores y el profesor correspondiente.<\/p>\n<p>En ning\u00fan caso se puede difundir de forma abierta en Internet.<\/p>\n<p>En el caso de que esto ocurra, el responsable del tratamiento es el propio centro o la Administraci\u00f3n educativa.<\/p>\n<p><strong>\u00bfC\u00f3mo puede contribuir el Coordinador\/a de bienestar a luchar contra el acoso digital?<\/strong><\/p>\n<p>El coordinador o coordinadora de bienestar de los centros educativos tiene entre sus funciones comunicar a la AEPD el tratamiento il\u00edcito de datos personales del alumnado.<\/p>\n<p>La Agencia dispone de un Canal prioritario para comunicar la publicaci\u00f3n no autorizada en Internet de contenido sexual o violento (fotograf\u00edas, v\u00eddeos, audios o informaci\u00f3n que identifique a personas) y solicitar su retirada de forma urgente.<\/p>\n<p>Puede consultar <span style=\"color: #000000;\"><strong><a style=\"color: #000000;\" href=\"https:\/\/www.aepd.es\/es\/prensa-y-comunicacion\/blog\/vuelta-al-cole\" target=\"_blank\" rel=\"noopener\">aqu\u00ed<\/a><\/strong><\/span> la normativa completa.<\/p>\n<\/div><\/div><style type=\"text\/css\">.fusion-body .fusion-builder-column-2{width:66.666666666667% !important;margin-top : 0px;margin-bottom : 20px;}.fusion-builder-column-2 > .fusion-column-wrapper {padding-top : 75px !important;padding-right : 0px !important;margin-right : 2.88%;padding-bottom : 0px !important;padding-left : 0px !important;margin-left : 2.88%;}@media only screen and (max-width:1024px) {.fusion-body .fusion-builder-column-2{width:66.666666666667% !important;order : 0;}.fusion-builder-column-2 > .fusion-column-wrapper {margin-right : 2.88%;margin-left : 2.88%;}}@media only screen and (max-width:640px) {.fusion-body .fusion-builder-column-2{width:100% !important;order : 0;margin-top : 0px;margin-bottom : 0px;}.fusion-builder-column-2 > .fusion-column-wrapper {padding-top : 0px !important;margin-right : 1.92%;padding-bottom : 0px !important;margin-left : 1.92%;}}<\/style><\/div><\/div><style type=\"text\/css\">.fusion-body .fusion-flex-container.fusion-builder-row-2{ padding-top : 0px;margin-top : 0px;padding-right : 0px;padding-bottom : 0px;margin-bottom : 0px;padding-left : 0px;}<\/style><\/div><\/p>\n","protected":false},"excerpt":{"rendered":"","protected":false},"author":1,"featured_media":13695,"comment_status":"open","ping_status":"closed","sticky":false,"template":"","format":"standard","meta":{"footnotes":""},"categories":[81],"tags":[],"class_list":["post-13710","post","type-post","status-publish","format-standard","has-post-thumbnail","hentry","category-juridico-zh-hans"],"_links":{"self":[{"href":"https:\/\/www.cudosconsultors.com\/zh-hans\/wp-json\/wp\/v2\/posts\/13710","targetHints":{"allow":["GET"]}}],"collection":[{"href":"https:\/\/www.cudosconsultors.com\/zh-hans\/wp-json\/wp\/v2\/posts"}],"about":[{"href":"https:\/\/www.cudosconsultors.com\/zh-hans\/wp-json\/wp\/v2\/types\/post"}],"author":[{"embeddable":true,"href":"https:\/\/www.cudosconsultors.com\/zh-hans\/wp-json\/wp\/v2\/users\/1"}],"replies":[{"embeddable":true,"href":"https:\/\/www.cudosconsultors.com\/zh-hans\/wp-json\/wp\/v2\/comments?post=13710"}],"version-history":[{"count":4,"href":"https:\/\/www.cudosconsultors.com\/zh-hans\/wp-json\/wp\/v2\/posts\/13710\/revisions"}],"predecessor-version":[{"id":13718,"href":"https:\/\/www.cudosconsultors.com\/zh-hans\/wp-json\/wp\/v2\/posts\/13710\/revisions\/13718"}],"wp:featuredmedia":[{"embeddable":true,"href":"https:\/\/www.cudosconsultors.com\/zh-hans\/wp-json\/wp\/v2\/media\/13695"}],"wp:attachment":[{"href":"https:\/\/www.cudosconsultors.com\/zh-hans\/wp-json\/wp\/v2\/media?parent=13710"}],"wp:term":[{"taxonomy":"category","embeddable":true,"href":"https:\/\/www.cudosconsultors.com\/zh-hans\/wp-json\/wp\/v2\/categories?post=13710"},{"taxonomy":"post_tag","embeddable":true,"href":"https:\/\/www.cudosconsultors.com\/zh-hans\/wp-json\/wp\/v2\/tags?post=13710"}],"curies":[{"name":"wp","href":"https:\/\/api.w.org\/{rel}","templated":true}]}}