{"id":12201,"date":"2022-05-24T10:49:23","date_gmt":"2022-05-24T08:49:23","guid":{"rendered":"https:\/\/www.cudos-consultors.com\/plusvalia\/"},"modified":"2022-06-29T16:45:05","modified_gmt":"2022-06-29T14:45:05","slug":"plusvalia","status":"publish","type":"post","link":"https:\/\/www.cudosconsultors.com\/zh-hans\/plusvalia\/","title":{"rendered":"Sentencia del Tribunal Constitucional sobre la plusval\u00eda"},"content":{"rendered":"<div class=\"fusion-fullwidth fullwidth-box fusion-builder-row-1 fusion-flex-container hundred-percent-fullwidth non-hundred-percent-height-scrolling\" style=\"background-color: rgba(255,255,255,0);background-position: center center;background-repeat: no-repeat;border-width: 0px 0px 0px 0px;border-color:#e2e2e2;border-style:solid;\" ><div class=\"fusion-builder-row fusion-row fusion-flex-align-items-stretch\" style=\"width:calc( 100% + ) !important;max-width:calc( 100% + ) !important;margin-left: calc(- \/ 2 );margin-right: calc(- \/ 2 );\"><div class=\"fusion-layout-column fusion_builder_column fusion-builder-column-0 fusion_builder_column_1_1 1_1 fusion-flex-column\"><div class=\"fusion-column-wrapper fusion-flex-justify-content-center fusion-content-layout-column\" style=\"background-position:center top;background-repeat:no-repeat;-webkit-background-size:cover;-moz-background-size:cover;-o-background-size:cover;background-size:cover;background-color:#002169;border-width: 0px 0 0px 50px;border-color:#002169;border-style:solid;padding: 0px 0px 0px 0px;\"><div ><span class=\" fusion-imageframe imageframe-none imageframe-1 hover-type-zoomin\" style=\"max-width:500px;\"><img decoding=\"async\" width=\"2560\" height=\"1440\" title=\"Tribunal_Constitucional\" src=\"https:\/\/www.cudosconsultors.com\/wp-content\/uploads\/2022\/05\/Tribunal_Constitucional-scaled.jpg\" alt class=\"img-responsive wp-image-12193\" srcset=\"https:\/\/www.cudosconsultors.com\/wp-content\/uploads\/2022\/05\/Tribunal_Constitucional-200x113.jpg 200w, https:\/\/www.cudosconsultors.com\/wp-content\/uploads\/2022\/05\/Tribunal_Constitucional-400x225.jpg 400w, https:\/\/www.cudosconsultors.com\/wp-content\/uploads\/2022\/05\/Tribunal_Constitucional-600x338.jpg 600w, https:\/\/www.cudosconsultors.com\/wp-content\/uploads\/2022\/05\/Tribunal_Constitucional-800x450.jpg 800w, https:\/\/www.cudosconsultors.com\/wp-content\/uploads\/2022\/05\/Tribunal_Constitucional-1200x675.jpg 1200w, https:\/\/www.cudosconsultors.com\/wp-content\/uploads\/2022\/05\/Tribunal_Constitucional-scaled.jpg 2560w\" sizes=\"(max-width: 640px) 100vw, 2560px\" \/><\/span><\/div><\/div><style type=\"text\/css\">.fusion-body .fusion-builder-column-0{width:100% !important;margin-top : 0px;margin-bottom : 0px;}.fusion-builder-column-0 > .fusion-column-wrapper {padding-top : 0px !important;padding-right : 0px !important;margin-right : calc( 0.013333333333333 * calc( 100% - no ) );padding-bottom : 0px !important;padding-left : 0px !important;margin-left : no;}@media only screen and (max-width:1024px) {.fusion-body .fusion-builder-column-0{width:40% !important;order : 0;}.fusion-builder-column-0 > .fusion-column-wrapper {margin-right : calc( 0 * calc( 100% - no ) );margin-left : no;}}@media only screen and (max-width:640px) {.fusion-body .fusion-builder-column-0{width:100% !important;order : 0;}.fusion-builder-column-0 > .fusion-column-wrapper {margin-right : no;margin-left : no;}}<\/style><\/div><\/div><style type=\"text\/css\">.fusion-body .fusion-flex-container.fusion-builder-row-1{ padding-top : 0px;margin-top : 0px;padding-right : 0px;padding-bottom : 0px;margin-bottom : 0px;padding-left : 0px;}<\/style><\/div><div class=\"fusion-fullwidth fullwidth-box fusion-builder-row-2 fusion-flex-container nonhundred-percent-fullwidth non-hundred-percent-height-scrolling\" style=\"background-color: rgba(255,255,255,0);background-position: center center;background-repeat: no-repeat;border-width: 0px 0px 0px 0px;border-color:#e2e2e2;border-style:solid;\" ><div class=\"fusion-builder-row fusion-row fusion-flex-align-items-flex-start\" style=\"max-width:1248px;margin-left: calc(-4% \/ 2 );margin-right: calc(-4% \/ 2 );\"><div class=\"fusion-layout-column fusion_builder_column fusion-builder-column-1 fusion_builder_column_1_3 1_3 fusion-flex-column\"><div class=\"fusion-column-wrapper fusion-flex-justify-content-flex-start fusion-content-layout-column\" style=\"background-position:left top;background-repeat:no-repeat;-webkit-background-size:cover;-moz-background-size:cover;-o-background-size:cover;background-size:cover;padding: 30px 0px 0px 0px;\"><style type='text\/css'>.reading-box-container-1 .element-bottomshadow:before,.reading-box-container-1 .element-bottomshadow:after{opacity:0.7;}<\/style><div class=\"fusion-reading-box-container reading-box-container-1 fusion-animated\" data-animationType=\"fadeInLeft\" data-animationDuration=\"0.3\" data-animationOffset=\"top-into-view\" style=\"margin-top:30px;margin-bottom:30px;\"><div class=\"reading-box\" style=\"background-color:#ffffff;border-width:5px;border-color:#ffffff;border-left-width:5px;border-left-color:var(--primary_color);border-style:solid;\"><div class=\"fusion-reading-box-flex\"><h2>Sentencia del Tribunal Constitucional sobre la plusval\u00eda<\/h2><\/div><\/div><\/div><\/div><style type=\"text\/css\">.fusion-body .fusion-builder-column-1{width:33.333333333333% !important;margin-top : 0px;margin-bottom : 20px;}.fusion-builder-column-1 > .fusion-column-wrapper {padding-top : 30px !important;padding-right : 0px !important;margin-right : 5.76%;padding-bottom : 0px !important;padding-left : 0px !important;margin-left : 5.76%;}@media only screen and (max-width:1024px) {.fusion-body .fusion-builder-column-1{width:33.333333333333% !important;order : 0;}.fusion-builder-column-1 > .fusion-column-wrapper {margin-right : 5.76%;margin-left : 5.76%;}}@media only screen and (max-width:640px) {.fusion-body .fusion-builder-column-1{width:100% !important;order : 0;margin-top : 0px;margin-bottom : 0px;}.fusion-builder-column-1 > .fusion-column-wrapper {padding-top : 0px !important;margin-right : 1.92%;margin-left : 1.92%;}}<\/style><\/div><div class=\"fusion-layout-column fusion_builder_column fusion-builder-column-2 fusion_builder_column_2_3 2_3 fusion-flex-column\"><div class=\"fusion-column-wrapper fusion-flex-justify-content-flex-start fusion-content-layout-column\" style=\"background-position:left top;background-repeat:no-repeat;-webkit-background-size:cover;-moz-background-size:cover;-o-background-size:cover;background-size:cover;padding: 75px 0px 0px 0px;\"><div class=\"fusion-text fusion-text-1\"><p><span class=\"VIiyi\" lang=\"es\"><span class=\"JLqJ4b\" data-language-for-alternatives=\"es\" data-language-to-translate-into=\"ca\" data-phrase-index=\"0\" data-number-of-phrases=\"1\"><span class=\"Q4iAWc\">Con fecha 26 de octubre de 2021, el Tribunal Constitucional dict\u00f3 una Sentencia, por la que se expulsa del ordenamiento jur\u00eddico la forma de calcular la plusval\u00eda por considerarla nula e inconstitucional; esto ha supuesto la pr\u00e1ctica derogaci\u00f3n del IIVTU. <\/span><\/span><\/span><\/p>\n<p>Queda claro que a partir de la fecha de la Sentencia del TC, el 26 de Octubre de 2021, se impide, en la pr\u00e1ctica, que se pueda realizar cualquier liquidaci\u00f3n de este impuesto al eliminarse del ordenamiento jur\u00eddico reglas de c\u00e1lculo que se ven\u00edan aplicando por los Ayuntamientos.<\/p>\n<p>A la vez que no pueden considerarse situaciones susceptibles de ser revisadas aquellas obligaciones tributarias firmes a fecha de 26 de octubre de 2021.<\/p>\n<ul>\n<li><strong><span class=\"VIiyi\" lang=\"es\"><span class=\"JLqJ4b\" data-language-for-alternatives=\"es\" data-language-to-translate-into=\"ca\" data-phrase-index=\"0\" data-number-of-phrases=\"1\"><span class=\"Q4iAWc\">\u00bfPero qu\u00e9 sucede con aquellos hechos imponibles anteriores al 26 de octubre de 2021?<\/span><\/span><\/span><\/strong><\/li>\n<li><strong><span class=\"VIiyi\" lang=\"es\"><span class=\"JLqJ4b\" data-language-for-alternatives=\"es\" data-language-to-translate-into=\"ca\" data-phrase-index=\"0\" data-number-of-phrases=\"1\"><span class=\"Q4iAWc\">\u00bfQu\u00e9 puede hacer el administrado que ha visto vulnerados sus derechos por la aplicaci\u00f3n de una ordenanza municipal que se ha convertido en inconstitucional y nula? <\/span><\/span><\/span><\/strong><\/li>\n<\/ul>\n<p><span class=\"VIiyi\" lang=\"es\"><span class=\"JLqJ4b\" data-language-for-alternatives=\"es\" data-language-to-translate-into=\"ca\" data-phrase-index=\"0\" data-number-of-phrases=\"1\"><span class=\"Q4iAWc\">A la hora de analizar las consecuencias pr\u00e1cticas de la sentencia debemos distinguir los siguientes supuestos: <\/span><\/span><\/span><\/p>\n<p><strong>1.- Hechos imponibles anteriores al 26 de octubre de 2021 <\/strong><\/p>\n<ol>\n<li><span class=\"VIiyi\" lang=\"es\"><span class=\"JLqJ4b\" data-language-for-alternatives=\"es\" data-language-to-translate-into=\"ca\" data-phrase-index=\"0\" data-number-of-phrases=\"1\"><span class=\"Q4iAWc\">Si han sido autoliquidados por el contribuyente o bien liquidadas por la Administraci\u00f3n y tales liquidaciones no han sido recurridas antes del 26 de octubre, no proceder\u00e1 la devoluci\u00f3n de ingresos indebidos. <\/span><\/span><\/span><\/li>\n<li><span class=\"VIiyi\" lang=\"es\"><span class=\"JLqJ4b\" data-language-for-alternatives=\"es\" data-language-to-translate-into=\"ca\" data-phrase-index=\"0\" data-number-of-phrases=\"1\"><span class=\"Q4iAWc\">Si todav\u00eda no se present\u00f3 la autoliquidaci\u00f3n, o bien no se ha girado todav\u00eda la liquidaci\u00f3n por parte de la Administraci\u00f3n, o habi\u00e9ndose recibido \u00e9sta no ha sido satisfecha, el impuesto ser\u00e1 inexigible. <\/span><\/span><\/span><\/li>\n<li><span class=\"VIiyi\" lang=\"es\"><span class=\"JLqJ4b\" data-language-for-alternatives=\"es\" data-language-to-translate-into=\"ca\" data-phrase-index=\"0\" data-number-of-phrases=\"1\"><span class=\"Q4iAWc\">Si la liquidaci\u00f3n o autoliquidaci\u00f3n se hallaba recurrida a la fecha de dictarse la sentencia, por cualquier motivo, el impuesto ser\u00e1 inexigible, siendo recomendable agregar al recurso un escrito invocando la nulidad del art\u00edculo 107 LHL. <\/span><\/span><\/span><\/li>\n<\/ol>\n<p><span class=\"VIiyi\" lang=\"es\"><span class=\"JLqJ4b\" data-language-for-alternatives=\"es\" data-language-to-translate-into=\"ca\" data-phrase-index=\"0\" data-number-of-phrases=\"1\"><span class=\"Q4iAWc\"><strong>2.- Hechos imponibles posteriores al 26 de octubre de 2021 y anteriores al 10 de noviembre de 2021, fecha de entrada en vigor de la nueva regulaci\u00f3n.<\/strong> El impuesto no ser\u00e1 exigible en ning\u00fan caso. <\/span><\/span><\/span><\/p>\n<p><span class=\"VIiyi\" lang=\"es\"><span class=\"JLqJ4b\" data-language-for-alternatives=\"es\" data-language-to-translate-into=\"ca\" data-phrase-index=\"0\" data-number-of-phrases=\"1\"><span class=\"Q4iAWc\"><strong>3.- Hechos imponibles posteriores al 9 de noviembre.<\/strong> Se aplicar\u00e1 la nueva regulaci\u00f3n. <\/span><\/span><\/span><\/p>\n<p>La aplicaci\u00f3n de los efectos de la Sentencia del TC por aquellos procedimientos que todav\u00eda est\u00e1n pendientes o cuyo impuesto se liquid\u00f3 entre el 26 de octubre y el 9 de noviembre de 2021 no es autom\u00e1tica, por lo que ser\u00e1 necesario poner en marcha una reclamaci\u00f3n al Ayuntamiento al que se le pag\u00f3 el impuesto, mediante rectificaci\u00f3n de autoliquidaci\u00f3n o recurso si la plusval\u00eda se abon\u00f3 mediante el sistema de liquidaci\u00f3n.<\/p>\n<p>Si los recursos presentados en v\u00eda administrativa no funcionan, no queda m\u00e1s remedio que pasar a la v\u00eda judicial y actuar ante los Juzgados de lo Contencioso-Administrativo. En este caso ser\u00e1n los tribunales quienes decidan en su caso o no la devoluci\u00f3n.<\/p>\n<p>Teniendo en cuenta la doctrina del Tribunal Constitucional, la resoluci\u00f3n del Juzgado de lo Contencioso-Administrativo ser\u00e1 a favor del contribuyente.<\/p>\n<p>A la hora de reclamar la plusval\u00eda municipal, es importante contar con asistencia letrada especializada incluso desde el momento en que se reclama ante la Administraci\u00f3n, para tener m\u00e1s posibilidades de que \u00e9sta ceda a las pretensiones del interesado.<\/p>\n<p>Si cumples los requisitos para solicitar la devoluci\u00f3n de este impuesto, es hora de que empieces los tr\u00e1mites para conseguirla.<\/p>\n<\/div><\/div><style type=\"text\/css\">.fusion-body .fusion-builder-column-2{width:66.666666666667% !important;margin-top : 0px;margin-bottom : 20px;}.fusion-builder-column-2 > .fusion-column-wrapper {padding-top : 75px !important;padding-right : 0px !important;margin-right : 2.88%;padding-bottom : 0px !important;padding-left : 0px !important;margin-left : 2.88%;}@media only screen and (max-width:1024px) {.fusion-body .fusion-builder-column-2{width:66.666666666667% !important;order : 0;}.fusion-builder-column-2 > .fusion-column-wrapper {margin-right : 2.88%;margin-left : 2.88%;}}@media only screen and (max-width:640px) {.fusion-body .fusion-builder-column-2{width:100% !important;order : 0;margin-top : 0px;margin-bottom : 0px;}.fusion-builder-column-2 > .fusion-column-wrapper {padding-top : 0px !important;margin-right : 1.92%;padding-bottom : 0px !important;margin-left : 1.92%;}}<\/style><\/div><\/div><style type=\"text\/css\">.fusion-body .fusion-flex-container.fusion-builder-row-2{ padding-top : 0px;margin-top : 0px;padding-right : 0px;padding-bottom : 0px;margin-bottom : 0px;padding-left : 0px;}<\/style><\/div><!-- \/wp:post-content -->","protected":false},"excerpt":{"rendered":"","protected":false},"author":1,"featured_media":12193,"comment_status":"open","ping_status":"closed","sticky":false,"template":"","format":"standard","meta":{"footnotes":""},"categories":[81,74],"tags":[],"class_list":["post-12201","post","type-post","status-publish","format-standard","has-post-thumbnail","hentry","category-juridico-zh-hans","category-news-zh"],"_links":{"self":[{"href":"https:\/\/www.cudosconsultors.com\/zh-hans\/wp-json\/wp\/v2\/posts\/12201","targetHints":{"allow":["GET"]}}],"collection":[{"href":"https:\/\/www.cudosconsultors.com\/zh-hans\/wp-json\/wp\/v2\/posts"}],"about":[{"href":"https:\/\/www.cudosconsultors.com\/zh-hans\/wp-json\/wp\/v2\/types\/post"}],"author":[{"embeddable":true,"href":"https:\/\/www.cudosconsultors.com\/zh-hans\/wp-json\/wp\/v2\/users\/1"}],"replies":[{"embeddable":true,"href":"https:\/\/www.cudosconsultors.com\/zh-hans\/wp-json\/wp\/v2\/comments?post=12201"}],"version-history":[{"count":8,"href":"https:\/\/www.cudosconsultors.com\/zh-hans\/wp-json\/wp\/v2\/posts\/12201\/revisions"}],"predecessor-version":[{"id":12636,"href":"https:\/\/www.cudosconsultors.com\/zh-hans\/wp-json\/wp\/v2\/posts\/12201\/revisions\/12636"}],"wp:featuredmedia":[{"embeddable":true,"href":"https:\/\/www.cudosconsultors.com\/zh-hans\/wp-json\/wp\/v2\/media\/12193"}],"wp:attachment":[{"href":"https:\/\/www.cudosconsultors.com\/zh-hans\/wp-json\/wp\/v2\/media?parent=12201"}],"wp:term":[{"taxonomy":"category","embeddable":true,"href":"https:\/\/www.cudosconsultors.com\/zh-hans\/wp-json\/wp\/v2\/categories?post=12201"},{"taxonomy":"post_tag","embeddable":true,"href":"https:\/\/www.cudosconsultors.com\/zh-hans\/wp-json\/wp\/v2\/tags?post=12201"}],"curies":[{"name":"wp","href":"https:\/\/api.w.org\/{rel}","templated":true}]}}