{"id":8592,"date":"2021-11-30T17:38:17","date_gmt":"2021-11-30T17:38:17","guid":{"rendered":"https:\/\/www.cudos-consultors.com\/el-govern-aprova-el-decret-sobre-drets-dautor-2\/"},"modified":"2021-12-03T07:41:36","modified_gmt":"2021-12-03T07:41:36","slug":"el-govern-aprova-el-decret-sobre-drets-dautor-2","status":"publish","type":"post","link":"https:\/\/www.cudosconsultors.com\/es\/el-govern-aprova-el-decret-sobre-drets-dautor-2\/","title":{"rendered":"El Govern aprova el decret sobre drets d&#8217;autor"},"content":{"rendered":"<p><div class=\"fusion-fullwidth fullwidth-box fusion-builder-row-1 fusion-flex-container hundred-percent-fullwidth non-hundred-percent-height-scrolling\" style=\"background-color: rgba(255,255,255,0);background-position: center center;background-repeat: no-repeat;border-width: 0px 0px 0px 0px;border-color:#e2e2e2;border-style:solid;\" ><div class=\"fusion-builder-row fusion-row fusion-flex-align-items-stretch\" style=\"width:calc( 100% + ) !important;max-width:calc( 100% + ) !important;margin-left: calc(- \/ 2 );margin-right: calc(- \/ 2 );\"><div class=\"fusion-layout-column fusion_builder_column fusion-builder-column-0 fusion_builder_column_1_1 1_1 fusion-flex-column\"><div class=\"fusion-column-wrapper fusion-flex-justify-content-center fusion-content-layout-column\" style=\"background-position:center top;background-repeat:no-repeat;-webkit-background-size:cover;-moz-background-size:cover;-o-background-size:cover;background-size:cover;background-color:#002169;border-width: 0px 0 0px 50px;border-color:#002169;border-style:solid;padding: 0px 0px 0px 0px;\"><div ><span class=\" fusion-imageframe imageframe-none imageframe-1 hover-type-zoomin\"><img decoding=\"async\" width=\"900\" height=\"463\" title=\"drets-autors-cudosconsultors\" src=\"https:\/\/cudosconsultors.com\/wp-content\/uploads\/2021\/12\/drets-autors-cudosconsultors.jpg\" alt class=\"img-responsive wp-image-8558\" srcset=\"https:\/\/www.cudosconsultors.com\/wp-content\/uploads\/2021\/12\/drets-autors-cudosconsultors-200x103.jpg 200w, https:\/\/www.cudosconsultors.com\/wp-content\/uploads\/2021\/12\/drets-autors-cudosconsultors-400x206.jpg 400w, https:\/\/www.cudosconsultors.com\/wp-content\/uploads\/2021\/12\/drets-autors-cudosconsultors-600x309.jpg 600w, https:\/\/www.cudosconsultors.com\/wp-content\/uploads\/2021\/12\/drets-autors-cudosconsultors-800x412.jpg 800w, https:\/\/www.cudosconsultors.com\/wp-content\/uploads\/2021\/12\/drets-autors-cudosconsultors.jpg 900w\" sizes=\"(max-width: 640px) 100vw, 900px\" \/><\/span><\/div><\/div><style type=\"text\/css\">.fusion-body .fusion-builder-column-0{width:100% !important;margin-top : 0px;margin-bottom : 0px;}.fusion-builder-column-0 > .fusion-column-wrapper {padding-top : 0px !important;padding-right : 0px !important;margin-right : calc( 0.013333333333333 * calc( 100% - no ) );padding-bottom : 0px !important;padding-left : 0px !important;margin-left : no;}@media only screen and (max-width:1024px) {.fusion-body .fusion-builder-column-0{width:40% !important;order : 0;}.fusion-builder-column-0 > .fusion-column-wrapper {margin-right : calc( 0 * calc( 100% - no ) );margin-left : no;}}@media only screen and (max-width:640px) {.fusion-body .fusion-builder-column-0{width:100% !important;order : 0;}.fusion-builder-column-0 > .fusion-column-wrapper {margin-right : no;margin-left : no;}}<\/style><\/div><\/div><style type=\"text\/css\">.fusion-body .fusion-flex-container.fusion-builder-row-1{ padding-top : 0px;margin-top : 0px;padding-right : 0px;padding-bottom : 0px;margin-bottom : 0px;padding-left : 0px;}<\/style><\/div><div class=\"fusion-fullwidth fullwidth-box fusion-builder-row-2 fusion-flex-container nonhundred-percent-fullwidth non-hundred-percent-height-scrolling\" style=\"background-color: rgba(255,255,255,0);background-position: center center;background-repeat: no-repeat;border-width: 0px 0px 0px 0px;border-color:#e2e2e2;border-style:solid;\" ><div class=\"fusion-builder-row fusion-row fusion-flex-align-items-flex-start\" style=\"max-width:1248px;margin-left: calc(-4% \/ 2 );margin-right: calc(-4% \/ 2 );\"><div class=\"fusion-layout-column fusion_builder_column fusion-builder-column-1 fusion_builder_column_1_3 1_3 fusion-flex-column\"><div class=\"fusion-column-wrapper fusion-flex-justify-content-flex-start fusion-content-layout-column\" style=\"background-position:left top;background-repeat:no-repeat;-webkit-background-size:cover;-moz-background-size:cover;-o-background-size:cover;background-size:cover;padding: 30px 0px 0px 0px;\"><style type='text\/css'>.reading-box-container-1 .element-bottomshadow:before,.reading-box-container-1 .element-bottomshadow:after{opacity:0.7;}<\/style><div class=\"fusion-reading-box-container reading-box-container-1 fusion-animated\" data-animationType=\"fadeInLeft\" data-animationDuration=\"0.3\" data-animationOffset=\"top-into-view\" style=\"margin-top:30px;margin-bottom:30px;\"><div class=\"reading-box\" style=\"background-color:#ffffff;border-width:5px;border-color:#ffffff;border-left-width:5px;border-left-color:var(--primary_color);border-style:solid;\"><div class=\"fusion-reading-box-flex\"><h2>El Govern aprova el decret sobre drets d&#8217;autor<\/h2><\/div><\/div><\/div><\/div><style type=\"text\/css\">.fusion-body .fusion-builder-column-1{width:33.333333333333% !important;margin-top : 0px;margin-bottom : 20px;}.fusion-builder-column-1 > .fusion-column-wrapper {padding-top : 30px !important;padding-right : 0px !important;margin-right : 5.76%;padding-bottom : 0px !important;padding-left : 0px !important;margin-left : 5.76%;}@media only screen and (max-width:1024px) {.fusion-body .fusion-builder-column-1{width:33.333333333333% !important;order : 0;}.fusion-builder-column-1 > .fusion-column-wrapper {margin-right : 5.76%;margin-left : 5.76%;}}@media only screen and (max-width:640px) {.fusion-body .fusion-builder-column-1{width:100% !important;order : 0;margin-top : 0px;margin-bottom : 0px;}.fusion-builder-column-1 > .fusion-column-wrapper {padding-top : 0px !important;margin-right : 1.92%;margin-left : 1.92%;}}<\/style><\/div><div class=\"fusion-layout-column fusion_builder_column fusion-builder-column-2 fusion_builder_column_2_3 2_3 fusion-flex-column\"><div class=\"fusion-column-wrapper fusion-flex-justify-content-flex-start fusion-content-layout-column\" style=\"background-position:left top;background-repeat:no-repeat;-webkit-background-size:cover;-moz-background-size:cover;-o-background-size:cover;background-size:cover;padding: 75px 0px 0px 0px;\"><div class=\"fusion-text fusion-text-1\"><p>El Govern ha aprovat el reial decret llei que transposa a la legislaci\u00f3 espanyola la directiva europea sobre drets d&#8217;autor en l&#8217;entorn digital, aprovada pel Parlament Europeu en 2019. La nova norma, que arriba amb cinc mesos de retard, suprimeix la gesti\u00f3 col\u00b7lectiva obligat\u00f2ria d&#8217;aquests drets i permet als editors gestionar-los individualment.<br \/>Aquesta novetat dona peu al retorn de Google News a Espanya, un servei que el gegant d&#8217;internet va deixar d&#8217;oferir al pa\u00eds el desembre de 2014 despr\u00e9s d&#8217;aprovar-se llavors una Llei de Propietat Intel\u00b7lectual que reconeixia el \u00abdret irrenunciable\u00bb dels editors a ser remunerats pels agregadors de not\u00edcies amb l&#8217;anomenat c\u00e0non AEDE, i establia que qualsevol negociaci\u00f3 es fes obligat\u00f2riament a trav\u00e9s d&#8217;una entitat de gesti\u00f3. Per\u00f2, ara, el Govern elimina aquesta irrenunciabilitat en el cobrament.<\/p>\n<p><!-- \/wp:post-content --><\/p>\n<p><!-- wp:spacer {\"height\":32} --><\/p>\n<h4>\u00abRespecte a la forma de gesti\u00f3 d&#8217;aquest dret,<\/h4>\n<p><!-- \/wp:spacer --><\/p>\n<p><!-- wp:paragraph --><\/p>\n<p>el Reial decret no es pronuncia sobre aquest tema, donant aix\u00ed l&#8217;opci\u00f3 i llibertat a cada d&#8217;editor i titular de drets de gestionar-ho, b\u00e9 de manera individual, mitjan\u00e7ant negociaci\u00f3 directa amb els agregadors digitals de contingut, o b\u00e9 a trav\u00e9s d&#8217;una entitat de gesti\u00f3 col\u00b7lectiva amb car\u00e0cter voluntari, no obligatori\u00bb, diu en un comunicat el Ministeri de Cultura.<br \/>Fonts de Google van assegurar que \u00absegons les informacions inicials semblen donar-se les condicions id\u00f2nies per a un potencial llan\u00e7ament de Google Not\u00edcies a Espanya. No obstant aix\u00f2, necessitem temps per a analitzar detalladament la nova llei. Aviat prendrem decisions sobre els nostres pr\u00f2xims passos\u00bb.<br \/>L&#8217;empresa estudiar\u00e0 els detalls del decret (que ha de ser convalidat en el Congr\u00e9s) quan es publiqui avui en el BOE abans de prendre una decisi\u00f3 o avan\u00e7ar una data del m\u00e9s que possible rellan\u00e7ament del servei. Si no hi ha cap imprevist, Google llan\u00e7aria Google News en els pr\u00f2xims mesos.<\/p>\n<p><!-- \/wp:paragraph --><\/p>\n<p><!-- wp:spacer {\"height\":32} --><\/p>\n<p><!-- \/wp:spacer --><\/p>\n<p><!-- wp:heading {\"level\":6} --><\/p>\n<h4>La ministra portaveu del Govern, Isabel Rodr\u00edguez,<\/h4>\n<p><!-- \/wp:heading --><\/p>\n<p><!-- wp:paragraph --><\/p>\n<p>va indicar despr\u00e9s del Consell de Ministres, que el Govern busca amb aquesta nova norma \u00abadaptar els drets d&#8217;autor a l&#8217;entorn digital, tenint en compte els comportaments dels usuaris i corregint alguns desequilibris que han provocat en els mercats alguns perjudicis per als titulars d&#8217;aquests drets\u00bb.<br \/>El Ministeri de Cultura va detallar en un comunicat que \u00abquant a la protecci\u00f3 de les publicacions de premsa quant als usos en l\u00ednia (article 15 de la directiva europea), el Reial decret llei reconeix un nou dret connex per a editors i autors de premsa creat en la directiva europea. Es tracta d&#8217;un dret amb entitat pr\u00f2pia, del qual s\u00f3n titulars les editorials de publicacions de premsa i ag\u00e8ncies de not\u00edcies respecte als usos en l\u00ednia de les seves publicacions de premsa, enfront dels prestadors de serveis de la societat de la informaci\u00f3\u00bb.<br \/>El ministeri tamb\u00e9 precisa que la negociaci\u00f3 de les autoritzacions als agregadors de contingut per a l&#8217;\u00fas d&#8217;aquests materials \u00abhaur\u00e0 de fer-se d&#8217;acord amb els principis de bona fe contractual, dilig\u00e8ncia deguda, transpar\u00e8ncia i respecte a les regles de la lliure compet\u00e8ncia, excloent l&#8217;ab\u00fas de posici\u00f3 de domini en la negociaci\u00f3\u00bb.<\/p>\n<p><!-- \/wp:paragraph --><\/p>\n<p><!-- wp:paragraph --><\/p>\n<p>Via: <a class=\"ek-link\" href=\"https:\/\/elpais.com\" target=\"_blank\" rel=\"noopener\">El Pa\u00eds<\/a><\/p>\n<\/div><\/div><style type=\"text\/css\">.fusion-body .fusion-builder-column-2{width:66.666666666667% !important;margin-top : 0px;margin-bottom : 20px;}.fusion-builder-column-2 > .fusion-column-wrapper {padding-top : 75px !important;padding-right : 0px !important;margin-right : 2.88%;padding-bottom : 0px !important;padding-left : 0px !important;margin-left : 2.88%;}@media only screen and (max-width:1024px) {.fusion-body .fusion-builder-column-2{width:66.666666666667% !important;order : 0;}.fusion-builder-column-2 > .fusion-column-wrapper {margin-right : 2.88%;margin-left : 2.88%;}}@media only screen and (max-width:640px) {.fusion-body .fusion-builder-column-2{width:100% !important;order : 0;margin-top : 0px;margin-bottom : 0px;}.fusion-builder-column-2 > .fusion-column-wrapper {padding-top : 0px !important;margin-right : 1.92%;padding-bottom : 0px !important;margin-left : 1.92%;}}<\/style><\/div><\/div><style type=\"text\/css\">.fusion-body .fusion-flex-container.fusion-builder-row-2{ padding-top : 0px;margin-top : 0px;padding-right : 0px;padding-bottom : 0px;margin-bottom : 0px;padding-left : 0px;}<\/style><\/div><\/p>","protected":false},"excerpt":{"rendered":"","protected":false},"author":1,"featured_media":8558,"comment_status":"open","ping_status":"closed","sticky":false,"template":"","format":"standard","meta":{"footnotes":""},"categories":[55],"tags":[],"class_list":["post-8592","post","type-post","status-publish","format-standard","has-post-thumbnail","hentry","category-fiscal-es"],"_links":{"self":[{"href":"https:\/\/www.cudosconsultors.com\/es\/wp-json\/wp\/v2\/posts\/8592","targetHints":{"allow":["GET"]}}],"collection":[{"href":"https:\/\/www.cudosconsultors.com\/es\/wp-json\/wp\/v2\/posts"}],"about":[{"href":"https:\/\/www.cudosconsultors.com\/es\/wp-json\/wp\/v2\/types\/post"}],"author":[{"embeddable":true,"href":"https:\/\/www.cudosconsultors.com\/es\/wp-json\/wp\/v2\/users\/1"}],"replies":[{"embeddable":true,"href":"https:\/\/www.cudosconsultors.com\/es\/wp-json\/wp\/v2\/comments?post=8592"}],"version-history":[{"count":1,"href":"https:\/\/www.cudosconsultors.com\/es\/wp-json\/wp\/v2\/posts\/8592\/revisions"}],"predecessor-version":[{"id":8593,"href":"https:\/\/www.cudosconsultors.com\/es\/wp-json\/wp\/v2\/posts\/8592\/revisions\/8593"}],"wp:featuredmedia":[{"embeddable":true,"href":"https:\/\/www.cudosconsultors.com\/es\/wp-json\/wp\/v2\/media\/8558"}],"wp:attachment":[{"href":"https:\/\/www.cudosconsultors.com\/es\/wp-json\/wp\/v2\/media?parent=8592"}],"wp:term":[{"taxonomy":"category","embeddable":true,"href":"https:\/\/www.cudosconsultors.com\/es\/wp-json\/wp\/v2\/categories?post=8592"},{"taxonomy":"post_tag","embeddable":true,"href":"https:\/\/www.cudosconsultors.com\/es\/wp-json\/wp\/v2\/tags?post=8592"}],"curies":[{"name":"wp","href":"https:\/\/api.w.org\/{rel}","templated":true}]}}