{"id":16910,"date":"2023-11-28T09:38:09","date_gmt":"2023-11-28T08:38:09","guid":{"rendered":"https:\/\/www.cudosconsultors.com\/?p=16910"},"modified":"2023-11-28T09:38:09","modified_gmt":"2023-11-28T08:38:09","slug":"factura_electronica","status":"publish","type":"post","link":"https:\/\/www.cudosconsultors.com\/es\/factura_electronica\/","title":{"rendered":"La factura electr\u00f3nica obligatoria"},"content":{"rendered":"<p><div class=\"fusion-fullwidth fullwidth-box fusion-builder-row-1 fusion-flex-container hundred-percent-fullwidth non-hundred-percent-height-scrolling\" style=\"background-color: rgba(255,255,255,0);background-position: center center;background-repeat: no-repeat;border-width: 0px 0px 0px 0px;border-color:#e2e2e2;border-style:solid;\" ><div class=\"fusion-builder-row fusion-row fusion-flex-align-items-stretch\" style=\"width:calc( 100% + ) !important;max-width:calc( 100% + ) !important;margin-left: calc(- \/ 2 );margin-right: calc(- \/ 2 );\"><div class=\"fusion-layout-column fusion_builder_column fusion-builder-column-0 fusion_builder_column_1_1 1_1 fusion-flex-column\"><div class=\"fusion-column-wrapper fusion-flex-justify-content-center fusion-content-layout-column\" style=\"background-position:center top;background-repeat:no-repeat;-webkit-background-size:cover;-moz-background-size:cover;-o-background-size:cover;background-size:cover;background-color:#002169;border-width: 0px 0 0px 50px;border-color:#002169;border-style:solid;padding: 0px 0px 0px 0px;\"><div ><span class=\" fusion-imageframe imageframe-none imageframe-1 hover-type-zoomin\" style=\"max-width:400px;\"><img decoding=\"async\" width=\"2000\" height=\"1473\" title=\"factura\" src=\"https:\/\/www.cudosconsultors.com\/wp-content\/uploads\/2023\/11\/factura.jpg\" alt class=\"img-responsive wp-image-16915\" srcset=\"https:\/\/www.cudosconsultors.com\/wp-content\/uploads\/2023\/11\/factura-200x147.jpg 200w, https:\/\/www.cudosconsultors.com\/wp-content\/uploads\/2023\/11\/factura-400x295.jpg 400w, https:\/\/www.cudosconsultors.com\/wp-content\/uploads\/2023\/11\/factura-600x442.jpg 600w, https:\/\/www.cudosconsultors.com\/wp-content\/uploads\/2023\/11\/factura-800x589.jpg 800w, https:\/\/www.cudosconsultors.com\/wp-content\/uploads\/2023\/11\/factura-1200x884.jpg 1200w, https:\/\/www.cudosconsultors.com\/wp-content\/uploads\/2023\/11\/factura.jpg 2000w\" sizes=\"(max-width: 640px) 100vw, 2000px\" \/><\/span><\/div><\/div><style type=\"text\/css\">.fusion-body .fusion-builder-column-0{width:100% !important;margin-top : 0px;margin-bottom : 0px;}.fusion-builder-column-0 > .fusion-column-wrapper {padding-top : 0px !important;padding-right : 0px !important;margin-right : calc( 0.013333333333333 * calc( 100% - no ) );padding-bottom : 0px !important;padding-left : 0px !important;margin-left : no;}@media only screen and (max-width:1024px) {.fusion-body .fusion-builder-column-0{width:40% !important;order : 0;}.fusion-builder-column-0 > .fusion-column-wrapper {margin-right : calc( 0 * calc( 100% - no ) );margin-left : no;}}@media only screen and (max-width:640px) {.fusion-body .fusion-builder-column-0{width:100% !important;order : 0;}.fusion-builder-column-0 > .fusion-column-wrapper {margin-right : no;margin-left : no;}}<\/style><\/div><\/div><style type=\"text\/css\">.fusion-body .fusion-flex-container.fusion-builder-row-1{ padding-top : 0px;margin-top : 0px;padding-right : 0px;padding-bottom : 0px;margin-bottom : 0px;padding-left : 0px;}<\/style><\/div><div class=\"fusion-fullwidth fullwidth-box fusion-builder-row-2 fusion-flex-container nonhundred-percent-fullwidth non-hundred-percent-height-scrolling\" style=\"background-color: rgba(255,255,255,0);background-position: center center;background-repeat: no-repeat;border-width: 0px 0px 0px 0px;border-color:#e2e2e2;border-style:solid;\" ><div class=\"fusion-builder-row fusion-row fusion-flex-align-items-flex-start\" style=\"max-width:1248px;margin-left: calc(-4% \/ 2 );margin-right: calc(-4% \/ 2 );\"><div class=\"fusion-layout-column fusion_builder_column fusion-builder-column-1 fusion_builder_column_1_3 1_3 fusion-flex-column\"><div class=\"fusion-column-wrapper fusion-flex-justify-content-flex-start fusion-content-layout-column\" style=\"background-position:left top;background-repeat:no-repeat;-webkit-background-size:cover;-moz-background-size:cover;-o-background-size:cover;background-size:cover;padding: 30px 0px 0px 0px;\"><style type='text\/css'>.reading-box-container-1 .element-bottomshadow:before,.reading-box-container-1 .element-bottomshadow:after{opacity:0.7;}<\/style><div class=\"fusion-reading-box-container reading-box-container-1 fusion-animated\" data-animationType=\"fadeInLeft\" data-animationDuration=\"0.3\" data-animationOffset=\"top-into-view\" style=\"margin-top:30px;margin-bottom:30px;\"><div class=\"reading-box\" style=\"background-color:#ffffff;border-width:5px;border-color:#ffffff;border-left-width:5px;border-left-color:var(--primary_color);border-style:solid;\"><h2>La factura electr\u00f3nica obligatoria<\/h2><div class=\"reading-box-description fusion-reading-box-additional\">28\/11\/2023<\/div><div class=\"fusion-clearfix\"><\/div><\/div><\/div><\/div><style type=\"text\/css\">.fusion-body .fusion-builder-column-1{width:33.333333333333% !important;margin-top : 0px;margin-bottom : 20px;}.fusion-builder-column-1 > .fusion-column-wrapper {padding-top : 30px !important;padding-right : 0px !important;margin-right : 5.76%;padding-bottom : 0px !important;padding-left : 0px !important;margin-left : 5.76%;}@media only screen and (max-width:1024px) {.fusion-body .fusion-builder-column-1{width:33.333333333333% !important;order : 0;}.fusion-builder-column-1 > .fusion-column-wrapper {margin-right : 5.76%;margin-left : 5.76%;}}@media only screen and (max-width:640px) {.fusion-body .fusion-builder-column-1{width:100% !important;order : 0;margin-top : 0px;margin-bottom : 0px;}.fusion-builder-column-1 > .fusion-column-wrapper {padding-top : 0px !important;margin-right : 1.92%;margin-left : 1.92%;}}<\/style><\/div><div class=\"fusion-layout-column fusion_builder_column fusion-builder-column-2 fusion_builder_column_2_3 2_3 fusion-flex-column\"><div class=\"fusion-column-wrapper fusion-flex-justify-content-flex-start fusion-content-layout-column\" style=\"background-position:left top;background-repeat:no-repeat;-webkit-background-size:cover;-moz-background-size:cover;-o-background-size:cover;background-size:cover;padding: 75px 0px 0px 0px;\"><div class=\"fusion-text fusion-text-1\"><p>En este escrito queremos realizar una breve pincelada sobre uno de los aspectos incluidos en la denominada \u201cLey Crea y Crece\u201d (en realidad la Ley 18\/2022, de Creaci\u00f3n y Crecimiento de Empresas): la obligatoriedad de emisi\u00f3n de facturas electr\u00f3nicas de forma generalizada.<\/p>\n<p>Dejando a un lado los objetivos y medidas por los que la administraci\u00f3n determina que es necesaria la extensi\u00f3n de la facturaci\u00f3n electr\u00f3nica a la totalidad de contribuyentes (y no hace falta decir que en ninguna parte figura el motivo que probablemente es el real: un mejor y mayor control de las transacciones econ\u00f3micas para tambi\u00e9n facilitar las comprobaciones de la correcci\u00f3n en la tributaci\u00f3n de los contribuyentes y dar otro vuelco m\u00e1s en la lucha \u201ccontra el fraude fiscal\u201d), queremos darle cinco c\u00e9ntimos de los plazos en los que habr\u00e1 que llevar a cabo la facturaci\u00f3n de forma electr\u00f3nica (ATENCI\u00d3N: no estamos hablando de emitir las facturas en PDF y enviarlas por correo electr\u00f3nico, sino al remitir directamente a los clientes -y tambi\u00e9n a la administraci\u00f3n- facturas en forma de archivos electr\u00f3nicos, que quedar\u00e1n autom\u00e1ticamente incorporados a las bases de datos de operadores y administraci\u00f3n -y, por tanto, no se podr\u00e1n modificar ciertos aspectos a posteriori, determinar\u00e1n la fecha de emisi\u00f3n y pago, supondr\u00e1n un total conocimiento de todo el giro comercial&#8230;)<\/p>\n<p>As\u00ed pues, y seg\u00fan determina la propia Ley, los plazos seg\u00fan los cuales deber\u00e1 llevarse a cabo se contar\u00e1n A PARTIR DE LA ENTRADA EN VIGOR DEL REGLAMENTO QUE DESARROLLE LA LEY CREA Y CRECE.<\/p>\n<p>En estos momentos, este Reglamento s\u00f3lo est\u00e1 en el tr\u00e1mite de consulta p\u00fablica. Es necesaria su redacci\u00f3n definitiva, publicaci\u00f3n en el BOE y entrada en vigor. No podemos adelantarle los plazos de cada una de estas fases, pero le avisaremos oportunamente.<\/p>\n<p>Una vez ENTRE EN VIGOR EL REGLAMENTO (que, reiteramos, por ahora no se vislumbra como algo inmediato) los plazos de adaptaci\u00f3n ser\u00e1n los siguientes:<\/p>\n<ul>\n<li>Empresas (parece que quieren decir \u201cpersonas jur\u00eddicas\u201d) con FACTURACI\u00d3N SUPERIOR A 8.000.000 de euros: 1 A\u00d1O DESDE LA ENTRADA EN VIGOR DEL REGLAMENTO.<\/li>\n<li>Empresas (\u201cpersonas jur\u00eddicas\u201d) con FACTURACI\u00d3N INFERIOR A 8.000.000 de euros: DOS A\u00d1OS DESDE LA ENTRADA EN VIGOR DEL REGLAMENTO.<\/li>\n<li>Aut\u00f3nomos PERSONAS F\u00cdSICAS: TRES A\u00d1OS DESDE LA ENTRADA EN VIGOR DEL REGLAMENTO.<\/li>\n<\/ul>\n<p>Por tanto, parece que tenemos en general tiempo m\u00e1s que suficiente para llevar a cabo la adaptaci\u00f3n que la Ley dispone como obligatoria.<br \/>\nSin embargo, OS RECOMENDAMOS que empiece a coordinarse con sus inform\u00e1ticos para que ADAPTEN SUS PROGRAMAS DE GESTI\u00d3N para que, cuando sea necesario, pueda llevar a cabo la facturaci\u00f3n de forma electr\u00f3nica. Ahora es el momento y, adem\u00e1s, tiene todav\u00eda la posibilidad (seg\u00fan nos consta) de aprovechar las subvenciones del KIT DIGITAL para llevar a cabo esta adaptaci\u00f3n.<\/p>\n<p>Como siempre, para cualquier consulta o comentario, estamos a su disposici\u00f3n.<\/p>\n<\/div><\/div><style type=\"text\/css\">.fusion-body .fusion-builder-column-2{width:66.666666666667% !important;margin-top : 0px;margin-bottom : 20px;}.fusion-builder-column-2 > .fusion-column-wrapper {padding-top : 75px !important;padding-right : 0px !important;margin-right : 2.88%;padding-bottom : 0px !important;padding-left : 0px !important;margin-left : 2.88%;}@media only screen and (max-width:1024px) {.fusion-body .fusion-builder-column-2{width:66.666666666667% !important;order : 0;}.fusion-builder-column-2 > .fusion-column-wrapper {margin-right : 2.88%;margin-left : 2.88%;}}@media only screen and (max-width:640px) {.fusion-body .fusion-builder-column-2{width:100% !important;order : 0;margin-top : 0px;margin-bottom : 0px;}.fusion-builder-column-2 > .fusion-column-wrapper {padding-top : 0px !important;margin-right : 1.92%;padding-bottom : 0px !important;margin-left : 1.92%;}}<\/style><\/div><\/div><style type=\"text\/css\">.fusion-body .fusion-flex-container.fusion-builder-row-2{ padding-top : 0px;margin-top : 0px;padding-right : 0px;padding-bottom : 0px;margin-bottom : 0px;padding-left : 0px;}<\/style><\/div><\/p>\n","protected":false},"excerpt":{"rendered":"","protected":false},"author":1,"featured_media":16915,"comment_status":"open","ping_status":"closed","sticky":false,"template":"","format":"standard","meta":{"footnotes":""},"categories":[55,56],"tags":[],"class_list":["post-16910","post","type-post","status-publish","format-standard","has-post-thumbnail","hentry","category-fiscal-es","category-juridico"],"_links":{"self":[{"href":"https:\/\/www.cudosconsultors.com\/es\/wp-json\/wp\/v2\/posts\/16910","targetHints":{"allow":["GET"]}}],"collection":[{"href":"https:\/\/www.cudosconsultors.com\/es\/wp-json\/wp\/v2\/posts"}],"about":[{"href":"https:\/\/www.cudosconsultors.com\/es\/wp-json\/wp\/v2\/types\/post"}],"author":[{"embeddable":true,"href":"https:\/\/www.cudosconsultors.com\/es\/wp-json\/wp\/v2\/users\/1"}],"replies":[{"embeddable":true,"href":"https:\/\/www.cudosconsultors.com\/es\/wp-json\/wp\/v2\/comments?post=16910"}],"version-history":[{"count":2,"href":"https:\/\/www.cudosconsultors.com\/es\/wp-json\/wp\/v2\/posts\/16910\/revisions"}],"predecessor-version":[{"id":16919,"href":"https:\/\/www.cudosconsultors.com\/es\/wp-json\/wp\/v2\/posts\/16910\/revisions\/16919"}],"wp:featuredmedia":[{"embeddable":true,"href":"https:\/\/www.cudosconsultors.com\/es\/wp-json\/wp\/v2\/media\/16915"}],"wp:attachment":[{"href":"https:\/\/www.cudosconsultors.com\/es\/wp-json\/wp\/v2\/media?parent=16910"}],"wp:term":[{"taxonomy":"category","embeddable":true,"href":"https:\/\/www.cudosconsultors.com\/es\/wp-json\/wp\/v2\/categories?post=16910"},{"taxonomy":"post_tag","embeddable":true,"href":"https:\/\/www.cudosconsultors.com\/es\/wp-json\/wp\/v2\/tags?post=16910"}],"curies":[{"name":"wp","href":"https:\/\/api.w.org\/{rel}","templated":true}]}}