{"id":16349,"date":"2023-09-12T09:24:19","date_gmt":"2023-09-12T07:24:19","guid":{"rendered":"https:\/\/www.cudosconsultors.com\/?p=16349"},"modified":"2023-09-12T09:24:19","modified_gmt":"2023-09-12T07:24:19","slug":"menores","status":"publish","type":"post","link":"https:\/\/www.cudosconsultors.com\/es\/menores\/","title":{"rendered":"Posibles consecuencias legales para los progenitores por la publicaci\u00f3n de fotos de sus hijos menores en redes sociales (I)"},"content":{"rendered":"<p><div class=\"fusion-fullwidth fullwidth-box fusion-builder-row-1 fusion-flex-container hundred-percent-fullwidth non-hundred-percent-height-scrolling\" style=\"background-color: rgba(255,255,255,0);background-position: center center;background-repeat: no-repeat;border-width: 0px 0px 0px 0px;border-color:#e2e2e2;border-style:solid;\" ><div class=\"fusion-builder-row fusion-row fusion-flex-align-items-stretch\" style=\"width:calc( 100% + ) !important;max-width:calc( 100% + ) !important;margin-left: calc(- \/ 2 );margin-right: calc(- \/ 2 );\"><div class=\"fusion-layout-column fusion_builder_column fusion-builder-column-0 fusion_builder_column_1_1 1_1 fusion-flex-column\"><div class=\"fusion-column-wrapper fusion-flex-justify-content-center fusion-content-layout-column\" style=\"background-position:center top;background-repeat:no-repeat;-webkit-background-size:cover;-moz-background-size:cover;-o-background-size:cover;background-size:cover;background-color:#002169;border-width: 0px 0 0px 50px;border-color:#002169;border-style:solid;padding: 0px 0px 0px 0px;\"><div ><span class=\" fusion-imageframe imageframe-none imageframe-1 hover-type-zoomin\" style=\"max-width:400px;\"><img decoding=\"async\" width=\"2000\" height=\"1334\" title=\"menor\" src=\"https:\/\/www.cudosconsultors.com\/wp-content\/uploads\/2023\/09\/menor.jpg\" alt class=\"img-responsive wp-image-16354\" srcset=\"https:\/\/www.cudosconsultors.com\/wp-content\/uploads\/2023\/09\/menor-200x133.jpg 200w, https:\/\/www.cudosconsultors.com\/wp-content\/uploads\/2023\/09\/menor-400x267.jpg 400w, https:\/\/www.cudosconsultors.com\/wp-content\/uploads\/2023\/09\/menor-600x400.jpg 600w, https:\/\/www.cudosconsultors.com\/wp-content\/uploads\/2023\/09\/menor-800x534.jpg 800w, https:\/\/www.cudosconsultors.com\/wp-content\/uploads\/2023\/09\/menor-1200x800.jpg 1200w, https:\/\/www.cudosconsultors.com\/wp-content\/uploads\/2023\/09\/menor.jpg 2000w\" sizes=\"(max-width: 640px) 100vw, 2000px\" \/><\/span><\/div><\/div><style type=\"text\/css\">.fusion-body .fusion-builder-column-0{width:100% !important;margin-top : 0px;margin-bottom : 0px;}.fusion-builder-column-0 > .fusion-column-wrapper {padding-top : 0px !important;padding-right : 0px !important;margin-right : calc( 0.013333333333333 * calc( 100% - no ) );padding-bottom : 0px !important;padding-left : 0px !important;margin-left : no;}@media only screen and (max-width:1024px) {.fusion-body .fusion-builder-column-0{width:40% !important;order : 0;}.fusion-builder-column-0 > .fusion-column-wrapper {margin-right : calc( 0 * calc( 100% - no ) );margin-left : no;}}@media only screen and (max-width:640px) {.fusion-body .fusion-builder-column-0{width:100% !important;order : 0;}.fusion-builder-column-0 > .fusion-column-wrapper {margin-right : no;margin-left : no;}}<\/style><\/div><\/div><style type=\"text\/css\">.fusion-body .fusion-flex-container.fusion-builder-row-1{ padding-top : 0px;margin-top : 0px;padding-right : 0px;padding-bottom : 0px;margin-bottom : 0px;padding-left : 0px;}<\/style><\/div><div class=\"fusion-fullwidth fullwidth-box fusion-builder-row-2 fusion-flex-container nonhundred-percent-fullwidth non-hundred-percent-height-scrolling\" style=\"background-color: rgba(255,255,255,0);background-position: center center;background-repeat: no-repeat;border-width: 0px 0px 0px 0px;border-color:#e2e2e2;border-style:solid;\" ><div class=\"fusion-builder-row fusion-row fusion-flex-align-items-flex-start\" style=\"max-width:1248px;margin-left: calc(-4% \/ 2 );margin-right: calc(-4% \/ 2 );\"><div class=\"fusion-layout-column fusion_builder_column fusion-builder-column-1 fusion_builder_column_1_3 1_3 fusion-flex-column\"><div class=\"fusion-column-wrapper fusion-flex-justify-content-flex-start fusion-content-layout-column\" style=\"background-position:left top;background-repeat:no-repeat;-webkit-background-size:cover;-moz-background-size:cover;-o-background-size:cover;background-size:cover;padding: 30px 0px 0px 0px;\"><style type='text\/css'>.reading-box-container-1 .element-bottomshadow:before,.reading-box-container-1 .element-bottomshadow:after{opacity:0.7;}<\/style><div class=\"fusion-reading-box-container reading-box-container-1 fusion-animated\" data-animationType=\"fadeInLeft\" data-animationDuration=\"0.3\" data-animationOffset=\"top-into-view\" style=\"margin-top:30px;margin-bottom:30px;\"><div class=\"reading-box\" style=\"background-color:#ffffff;border-width:5px;border-color:#ffffff;border-left-width:5px;border-left-color:var(--primary_color);border-style:solid;\"><h2>Posibles consecuencias legales para los progenitores por la publicaci\u00f3n de fotos de sus hijos menores en redes sociales (I)<\/h2><div class=\"reading-box-description fusion-reading-box-additional\">12\/09\/2023<\/div><div class=\"fusion-clearfix\"><\/div><\/div><\/div><\/div><style type=\"text\/css\">.fusion-body .fusion-builder-column-1{width:33.333333333333% !important;margin-top : 0px;margin-bottom : 20px;}.fusion-builder-column-1 > .fusion-column-wrapper {padding-top : 30px !important;padding-right : 0px !important;margin-right : 5.76%;padding-bottom : 0px !important;padding-left : 0px !important;margin-left : 5.76%;}@media only screen and (max-width:1024px) {.fusion-body .fusion-builder-column-1{width:33.333333333333% !important;order : 0;}.fusion-builder-column-1 > .fusion-column-wrapper {margin-right : 5.76%;margin-left : 5.76%;}}@media only screen and (max-width:640px) {.fusion-body .fusion-builder-column-1{width:100% !important;order : 0;margin-top : 0px;margin-bottom : 0px;}.fusion-builder-column-1 > .fusion-column-wrapper {padding-top : 0px !important;margin-right : 1.92%;margin-left : 1.92%;}}<\/style><\/div><div class=\"fusion-layout-column fusion_builder_column fusion-builder-column-2 fusion_builder_column_2_3 2_3 fusion-flex-column\"><div class=\"fusion-column-wrapper fusion-flex-justify-content-flex-start fusion-content-layout-column\" style=\"background-position:left top;background-repeat:no-repeat;-webkit-background-size:cover;-moz-background-size:cover;-o-background-size:cover;background-size:cover;padding: 75px 0px 0px 0px;\"><div class=\"fusion-text fusion-text-1\"><p>La sentencia del Tribunal de Distrito de La Haya de 1 de octubre de 2018 en la que se condena a una \u201cinfluencer\u201d a retirar, de forma permanente, todos los contenidos de sus redes sociales en los que aparecieran sus hijos menores de edad, de 2 y 4 a\u00f1os, y se le proh\u00edbe volver a publicar contenido de este tipo en el futuro, y la sentencia de la Secci\u00f3n 12 de la Audiencia Provincial de Barcelona n\u00fam. 385\/2018, de 15 de mayo, en la que se establece que un progenitor debe contar con el consentimiento del otro para difundir fotos en redes sociales de sus hijos menores, generan la necesidad de plantearnos una serie de cuestiones.<\/p>\n<p>En caso de fotos de menores publicadas en redes sociales por sus propios progenitores, es esencial tener presente qui\u00e9nes son los titulares de estos derechos y qui\u00e9n puede prestar el consentimiento para la publicaci\u00f3n de las fotos de los menores.<\/p>\n<p>Los titulares de los derechos que pueden verse afectados en estos casos (honor, intimidad y propia imagen) son los menores, no sus progenitores, tal y como establece el art\u00edculo 4 de la Ley org\u00e1nica 1\/1996, de 15 de enero.<\/p>\n<p>Respecto a quien debe prestar este consentimiento en el caso de los menores, la Ley org\u00e1nica 1\/1982, de 5 de mayo, sobre protecci\u00f3n civil del derecho al honor, a la intimidad personal y familiar y en la propia imagen establece en el art\u00edculo 3 en su apartado 1\u00ba: <em>\u00abEl consentimiento de los menores e incapaces deber\u00e1 prestarse por ellos mismos si sus condiciones de madurez lo permiten, de acuerdo con la legislaci\u00f3n civil.\u00bb<\/em> Disponiendo el apartado 2\u00ba: <em>\u00abEn los restantes casos, el consentimiento deber\u00e1 otorgarse mediante escrito por su representante legal, quien estar\u00e1 obligado a poner en conocimiento previo del Ministerio Fiscal el consentimiento proyectado. Si en el plazo de ocho d\u00edas el Ministerio Fiscal se opusiera, resolver\u00e1 el juez.\u00bb<\/em><\/p>\n<p><strong>Casos de separaci\u00f3n de progenitores<\/strong><br \/>\nPara publicar fotos de los hijos menores en las redes sociales es necesario el consentimiento de los propios menores, si \u00e9stos tienen la suficiente madurez. En otro caso ser\u00e1 necesario el consentimiento de sus representantes legales, que son ambos progenitores, con independencia de cu\u00e1l de ellos ostente la guarda y custodia en caso de que estuvieran separados o divorciados. Por tanto, si el hijo menor no puede prestar el consentimiento, lo esencial para publicar sus fotograf\u00edas en redes sociales privadas es contar con el consentimiento de ambos progenitores, si alguno no lo concede o lo retira es necesario acudir a la v\u00eda judicial para su autorizaci\u00f3n conforme al art\u00edculo 156 del C\u00f3digo Civil. Este consentimiento debe recaudarse tanto para publicar en un primer momento la foto como para que la misma permanezca publicada en la red social. Es decir, si en un primer momento ambos progenitores estuvieron de acuerdo en subir las fotos y posteriormente, dada una situaci\u00f3n de separaci\u00f3n, uno de ellos quiere que se retiren las im\u00e1genes debe comunic\u00e1rselo al otro, y en caso de que no proceda a retirarlas acudir a la v\u00eda judicial.<\/p>\n<p>En caso de que los progenitores de mutuo acuerdo abran cuentas en redes sociales de acceso p\u00fablico con el fin de subir de forma constante e indiscriminada im\u00e1genes de la vida privada y familiar de los hijos menores, deben comunicarlo al Ministerio Fiscal, quien valorando el superior inter\u00e9s, podr\u00e1 oponerse a tales publicaciones y en ese caso resolver\u00e1 el juez.<\/p>\n<\/div><\/div><style type=\"text\/css\">.fusion-body .fusion-builder-column-2{width:66.666666666667% !important;margin-top : 0px;margin-bottom : 20px;}.fusion-builder-column-2 > .fusion-column-wrapper {padding-top : 75px !important;padding-right : 0px !important;margin-right : 2.88%;padding-bottom : 0px !important;padding-left : 0px !important;margin-left : 2.88%;}@media only screen and (max-width:1024px) {.fusion-body .fusion-builder-column-2{width:66.666666666667% !important;order : 0;}.fusion-builder-column-2 > .fusion-column-wrapper {margin-right : 2.88%;margin-left : 2.88%;}}@media only screen and (max-width:640px) {.fusion-body .fusion-builder-column-2{width:100% !important;order : 0;margin-top : 0px;margin-bottom : 0px;}.fusion-builder-column-2 > .fusion-column-wrapper {padding-top : 0px !important;margin-right : 1.92%;padding-bottom : 0px !important;margin-left : 1.92%;}}<\/style><\/div><\/div><style type=\"text\/css\">.fusion-body .fusion-flex-container.fusion-builder-row-2{ padding-top : 0px;margin-top : 0px;padding-right : 0px;padding-bottom : 0px;margin-bottom : 0px;padding-left : 0px;}<\/style><\/div><\/p>\n","protected":false},"excerpt":{"rendered":"","protected":false},"author":1,"featured_media":16354,"comment_status":"open","ping_status":"closed","sticky":false,"template":"","format":"standard","meta":{"footnotes":""},"categories":[56],"tags":[],"class_list":["post-16349","post","type-post","status-publish","format-standard","has-post-thumbnail","hentry","category-juridico"],"_links":{"self":[{"href":"https:\/\/www.cudosconsultors.com\/es\/wp-json\/wp\/v2\/posts\/16349","targetHints":{"allow":["GET"]}}],"collection":[{"href":"https:\/\/www.cudosconsultors.com\/es\/wp-json\/wp\/v2\/posts"}],"about":[{"href":"https:\/\/www.cudosconsultors.com\/es\/wp-json\/wp\/v2\/types\/post"}],"author":[{"embeddable":true,"href":"https:\/\/www.cudosconsultors.com\/es\/wp-json\/wp\/v2\/users\/1"}],"replies":[{"embeddable":true,"href":"https:\/\/www.cudosconsultors.com\/es\/wp-json\/wp\/v2\/comments?post=16349"}],"version-history":[{"count":2,"href":"https:\/\/www.cudosconsultors.com\/es\/wp-json\/wp\/v2\/posts\/16349\/revisions"}],"predecessor-version":[{"id":16358,"href":"https:\/\/www.cudosconsultors.com\/es\/wp-json\/wp\/v2\/posts\/16349\/revisions\/16358"}],"wp:featuredmedia":[{"embeddable":true,"href":"https:\/\/www.cudosconsultors.com\/es\/wp-json\/wp\/v2\/media\/16354"}],"wp:attachment":[{"href":"https:\/\/www.cudosconsultors.com\/es\/wp-json\/wp\/v2\/media?parent=16349"}],"wp:term":[{"taxonomy":"category","embeddable":true,"href":"https:\/\/www.cudosconsultors.com\/es\/wp-json\/wp\/v2\/categories?post=16349"},{"taxonomy":"post_tag","embeddable":true,"href":"https:\/\/www.cudosconsultors.com\/es\/wp-json\/wp\/v2\/tags?post=16349"}],"curies":[{"name":"wp","href":"https:\/\/api.w.org\/{rel}","templated":true}]}}