{"id":13525,"date":"2022-09-07T09:59:43","date_gmt":"2022-09-07T07:59:43","guid":{"rendered":"https:\/\/www.cudos-consultors.com\/?p=13525"},"modified":"2022-09-07T10:01:59","modified_gmt":"2022-09-07T08:01:59","slug":"derecho_olvido","status":"publish","type":"post","link":"https:\/\/www.cudosconsultors.com\/es\/derecho_olvido\/","title":{"rendered":"El derecho al olvido"},"content":{"rendered":"<p><div class=\"fusion-fullwidth fullwidth-box fusion-builder-row-1 fusion-flex-container hundred-percent-fullwidth non-hundred-percent-height-scrolling\" style=\"background-color: rgba(255,255,255,0);background-position: center center;background-repeat: no-repeat;border-width: 0px 0px 0px 0px;border-color:#e2e2e2;border-style:solid;\" ><div class=\"fusion-builder-row fusion-row fusion-flex-align-items-stretch\" style=\"width:calc( 100% + ) !important;max-width:calc( 100% + ) !important;margin-left: calc(- \/ 2 );margin-right: calc(- \/ 2 );\"><div class=\"fusion-layout-column fusion_builder_column fusion-builder-column-0 fusion_builder_column_1_1 1_1 fusion-flex-column\"><div class=\"fusion-column-wrapper fusion-flex-justify-content-center fusion-content-layout-column\" style=\"background-position:center top;background-repeat:no-repeat;-webkit-background-size:cover;-moz-background-size:cover;-o-background-size:cover;background-size:cover;background-color:#002169;border-width: 0px 0 0px 50px;border-color:#002169;border-style:solid;padding: 0px 0px 0px 0px;\"><div ><span class=\" fusion-imageframe imageframe-none imageframe-1 hover-type-zoomin\" style=\"max-width:500px;\"><img decoding=\"async\" width=\"1920\" height=\"1439\" title=\"privat\" src=\"https:\/\/www.cudosconsultors.com\/wp-content\/uploads\/2022\/09\/privat.jpg\" alt class=\"img-responsive wp-image-13534\" srcset=\"https:\/\/www.cudosconsultors.com\/wp-content\/uploads\/2022\/09\/privat-200x150.jpg 200w, https:\/\/www.cudosconsultors.com\/wp-content\/uploads\/2022\/09\/privat-400x300.jpg 400w, https:\/\/www.cudosconsultors.com\/wp-content\/uploads\/2022\/09\/privat-600x450.jpg 600w, https:\/\/www.cudosconsultors.com\/wp-content\/uploads\/2022\/09\/privat-800x600.jpg 800w, https:\/\/www.cudosconsultors.com\/wp-content\/uploads\/2022\/09\/privat-1200x899.jpg 1200w, https:\/\/www.cudosconsultors.com\/wp-content\/uploads\/2022\/09\/privat.jpg 1920w\" sizes=\"(max-width: 640px) 100vw, 1920px\" \/><\/span><\/div><\/div><style type=\"text\/css\">.fusion-body .fusion-builder-column-0{width:100% !important;margin-top : 0px;margin-bottom : 0px;}.fusion-builder-column-0 > .fusion-column-wrapper {padding-top : 0px !important;padding-right : 0px !important;margin-right : calc( 0.013333333333333 * calc( 100% - no ) );padding-bottom : 0px !important;padding-left : 0px !important;margin-left : no;}@media only screen and (max-width:1024px) {.fusion-body .fusion-builder-column-0{width:40% !important;order : 0;}.fusion-builder-column-0 > .fusion-column-wrapper {margin-right : calc( 0 * calc( 100% - no ) );margin-left : no;}}@media only screen and (max-width:640px) {.fusion-body .fusion-builder-column-0{width:100% !important;order : 0;}.fusion-builder-column-0 > .fusion-column-wrapper {margin-right : no;margin-left : no;}}<\/style><\/div><\/div><style type=\"text\/css\">.fusion-body .fusion-flex-container.fusion-builder-row-1{ padding-top : 0px;margin-top : 0px;padding-right : 0px;padding-bottom : 0px;margin-bottom : 0px;padding-left : 0px;}<\/style><\/div><div class=\"fusion-fullwidth fullwidth-box fusion-builder-row-2 fusion-flex-container nonhundred-percent-fullwidth non-hundred-percent-height-scrolling\" style=\"background-color: rgba(255,255,255,0);background-position: center center;background-repeat: no-repeat;border-width: 0px 0px 0px 0px;border-color:#e2e2e2;border-style:solid;\" ><div class=\"fusion-builder-row fusion-row fusion-flex-align-items-flex-start\" style=\"max-width:1248px;margin-left: calc(-4% \/ 2 );margin-right: calc(-4% \/ 2 );\"><div class=\"fusion-layout-column fusion_builder_column fusion-builder-column-1 fusion_builder_column_1_3 1_3 fusion-flex-column\"><div class=\"fusion-column-wrapper fusion-flex-justify-content-flex-start fusion-content-layout-column\" style=\"background-position:left top;background-repeat:no-repeat;-webkit-background-size:cover;-moz-background-size:cover;-o-background-size:cover;background-size:cover;padding: 30px 0px 0px 0px;\"><style type='text\/css'>.reading-box-container-1 .element-bottomshadow:before,.reading-box-container-1 .element-bottomshadow:after{opacity:0.7;}<\/style><div class=\"fusion-reading-box-container reading-box-container-1 fusion-animated\" data-animationType=\"fadeInLeft\" data-animationDuration=\"0.3\" data-animationOffset=\"top-into-view\" style=\"margin-top:30px;margin-bottom:30px;\"><div class=\"reading-box\" style=\"background-color:#ffffff;border-width:5px;border-color:#ffffff;border-left-width:5px;border-left-color:var(--primary_color);border-style:solid;\"><h2>El derecho al olvido<\/h2><div class=\"reading-box-description fusion-reading-box-additional\">07\/09\/2022<\/div><div class=\"fusion-clearfix\"><\/div><\/div><\/div><\/div><style type=\"text\/css\">.fusion-body .fusion-builder-column-1{width:33.333333333333% !important;margin-top : 0px;margin-bottom : 20px;}.fusion-builder-column-1 > .fusion-column-wrapper {padding-top : 30px !important;padding-right : 0px !important;margin-right : 5.76%;padding-bottom : 0px !important;padding-left : 0px !important;margin-left : 5.76%;}@media only screen and (max-width:1024px) {.fusion-body .fusion-builder-column-1{width:33.333333333333% !important;order : 0;}.fusion-builder-column-1 > .fusion-column-wrapper {margin-right : 5.76%;margin-left : 5.76%;}}@media only screen and (max-width:640px) {.fusion-body .fusion-builder-column-1{width:100% !important;order : 0;margin-top : 0px;margin-bottom : 0px;}.fusion-builder-column-1 > .fusion-column-wrapper {padding-top : 0px !important;margin-right : 1.92%;margin-left : 1.92%;}}<\/style><\/div><div class=\"fusion-layout-column fusion_builder_column fusion-builder-column-2 fusion_builder_column_2_3 2_3 fusion-flex-column\"><div class=\"fusion-column-wrapper fusion-flex-justify-content-flex-start fusion-content-layout-column\" style=\"background-position:left top;background-repeat:no-repeat;-webkit-background-size:cover;-moz-background-size:cover;-o-background-size:cover;background-size:cover;padding: 75px 0px 0px 0px;\"><div class=\"fusion-text fusion-text-1\"><p><strong>El TC reconoce el derecho al olvido de un empresario que pidi\u00f3 eliminar datos publicados en portales de queja.<\/strong><\/p>\n<p>La ley Org\u00e1nica de Protecci\u00f3n de Datos y Garant\u00eda de Derechos Digitales (LOPDGDD) trata de garantizar los derechos digitales de la ciudadan\u00eda al amparo de lo establecido en el art\u00edculo 18.4 de la Constituci\u00f3n Espa\u00f1ola. El derecho al olvido es uno de los derechos m\u00e1s reforzados.<\/p>\n<p><strong>\u00bfQu\u00e9 es el derecho al olvido?<\/strong><\/p>\n<p>El derecho al olvido tiene como objetivo proporcionar una mayor protecci\u00f3n y control de los datos personales de los ciudadanos y permite al usuario la posibilidad de requerir que sus datos personales desaparezcan o que no dejen rastro en la red.<\/p>\n<p>Este derecho contribuye a reforzar el consentimiento en el tratamiento de datos personales y permite que el interesado que lo haya consentido en alg\u00fan momento pueda revocarlo y solicitar la eliminaci\u00f3n de sus datos de forma permanente.<\/p>\n<p>En relaci\u00f3n a dicho, el Tribunal Constitucional ha reconocido el derecho al olvido de un empresario que solicit\u00f3 que se eliminaran datos que consider\u00f3 descalificadoras de su actividad profesional publicadas por terceros en portales de Estados Unidos, los cuales se pod\u00edan ver en Espa\u00f1a a trav\u00e9s de Google.<\/p>\n<p>El Pleno del TC ha estimado el recurso que present\u00f3 el particular y ha declarado inconstitucionales las sentencias de la Audiencia Nacional y del Tribunal Supremo que anularon la decisi\u00f3n de la Agencia Espa\u00f1ola de Protecci\u00f3n de Datos de atender la petici\u00f3n de eliminar estos datos.<\/p>\n<p>En este caso, se ha considerado como vulnerado el derecho de protecci\u00f3n de datos personales. Asimismo, el recurso se fundamentaba en que los comentarios no cumpl\u00edan con los par\u00e1metros de inter\u00e9s p\u00fablico ni ten\u00edan una fecha suficientemente actual que justificara mantener los enlaces.<\/p>\n<p>Con todo, recuerde que en caso de dudas en materia de protecci\u00f3n de datos, puede dirigirse a los abogados\/as de Cud\u00f3s Consultors, ya que le asesoraremos con la m\u00e1xima seguridad y garant\u00eda.<\/p>\n<p><strong>Elisa Estrada Villas<\/strong><br \/>\nAbogada del Departamento de Derecho P\u00fablico de Cud\u00f3s Consultors<\/p>\n<\/div><\/div><style type=\"text\/css\">.fusion-body .fusion-builder-column-2{width:66.666666666667% !important;margin-top : 0px;margin-bottom : 20px;}.fusion-builder-column-2 > .fusion-column-wrapper {padding-top : 75px !important;padding-right : 0px !important;margin-right : 2.88%;padding-bottom : 0px !important;padding-left : 0px !important;margin-left : 2.88%;}@media only screen and (max-width:1024px) {.fusion-body .fusion-builder-column-2{width:66.666666666667% !important;order : 0;}.fusion-builder-column-2 > .fusion-column-wrapper {margin-right : 2.88%;margin-left : 2.88%;}}@media only screen and (max-width:640px) {.fusion-body .fusion-builder-column-2{width:100% !important;order : 0;margin-top : 0px;margin-bottom : 0px;}.fusion-builder-column-2 > .fusion-column-wrapper {padding-top : 0px !important;margin-right : 1.92%;padding-bottom : 0px !important;margin-left : 1.92%;}}<\/style><\/div><\/div><style type=\"text\/css\">.fusion-body .fusion-flex-container.fusion-builder-row-2{ padding-top : 0px;margin-top : 0px;padding-right : 0px;padding-bottom : 0px;margin-bottom : 0px;padding-left : 0px;}<\/style><\/div><\/p>\n","protected":false},"excerpt":{"rendered":"","protected":false},"author":1,"featured_media":13534,"comment_status":"open","ping_status":"closed","sticky":false,"template":"","format":"standard","meta":{"footnotes":""},"categories":[56],"tags":[],"class_list":["post-13525","post","type-post","status-publish","format-standard","has-post-thumbnail","hentry","category-juridico"],"_links":{"self":[{"href":"https:\/\/www.cudosconsultors.com\/es\/wp-json\/wp\/v2\/posts\/13525","targetHints":{"allow":["GET"]}}],"collection":[{"href":"https:\/\/www.cudosconsultors.com\/es\/wp-json\/wp\/v2\/posts"}],"about":[{"href":"https:\/\/www.cudosconsultors.com\/es\/wp-json\/wp\/v2\/types\/post"}],"author":[{"embeddable":true,"href":"https:\/\/www.cudosconsultors.com\/es\/wp-json\/wp\/v2\/users\/1"}],"replies":[{"embeddable":true,"href":"https:\/\/www.cudosconsultors.com\/es\/wp-json\/wp\/v2\/comments?post=13525"}],"version-history":[{"count":3,"href":"https:\/\/www.cudosconsultors.com\/es\/wp-json\/wp\/v2\/posts\/13525\/revisions"}],"predecessor-version":[{"id":13539,"href":"https:\/\/www.cudosconsultors.com\/es\/wp-json\/wp\/v2\/posts\/13525\/revisions\/13539"}],"wp:featuredmedia":[{"embeddable":true,"href":"https:\/\/www.cudosconsultors.com\/es\/wp-json\/wp\/v2\/media\/13534"}],"wp:attachment":[{"href":"https:\/\/www.cudosconsultors.com\/es\/wp-json\/wp\/v2\/media?parent=13525"}],"wp:term":[{"taxonomy":"category","embeddable":true,"href":"https:\/\/www.cudosconsultors.com\/es\/wp-json\/wp\/v2\/categories?post=13525"},{"taxonomy":"post_tag","embeddable":true,"href":"https:\/\/www.cudosconsultors.com\/es\/wp-json\/wp\/v2\/tags?post=13525"}],"curies":[{"name":"wp","href":"https:\/\/api.w.org\/{rel}","templated":true}]}}