{"id":11243,"date":"2022-03-17T09:26:20","date_gmt":"2022-03-17T08:26:20","guid":{"rendered":"https:\/\/www.cudos-consultors.com\/jubilacio_activa\/"},"modified":"2022-03-17T09:38:53","modified_gmt":"2022-03-17T08:38:53","slug":"jubilacion_activa","status":"publish","type":"post","link":"https:\/\/www.cudosconsultors.com\/es\/jubilacion_activa\/","title":{"rendered":"Jubilaci\u00f3n activa"},"content":{"rendered":"<div class=\"fusion-fullwidth fullwidth-box fusion-builder-row-1 fusion-flex-container hundred-percent-fullwidth non-hundred-percent-height-scrolling\" style=\"background-color: rgba(255,255,255,0);background-position: center center;background-repeat: no-repeat;border-width: 0px 0px 0px 0px;border-color:#e2e2e2;border-style:solid;\" ><div class=\"fusion-builder-row fusion-row fusion-flex-align-items-stretch\" style=\"width:calc( 100% + ) !important;max-width:calc( 100% + ) !important;margin-left: calc(- \/ 2 );margin-right: calc(- \/ 2 );\"><div class=\"fusion-layout-column fusion_builder_column fusion-builder-column-0 fusion_builder_column_1_1 1_1 fusion-flex-column\"><div class=\"fusion-column-wrapper fusion-flex-justify-content-center fusion-content-layout-column\" style=\"background-position:center top;background-repeat:no-repeat;-webkit-background-size:cover;-moz-background-size:cover;-o-background-size:cover;background-size:cover;background-color:#002169;border-width: 0px 0 0px 50px;border-color:#002169;border-style:solid;padding: 0px 0px 0px 0px;\"><div ><span class=\" fusion-imageframe imageframe-none imageframe-1 hover-type-zoomin\" style=\"max-width:600px;\"><img decoding=\"async\" width=\"1920\" height=\"1271\" title=\"jubilat\" src=\"https:\/\/cudosconsultors.com\/wp-content\/uploads\/2022\/03\/jubilat.jpg\" alt class=\"img-responsive wp-image-11235\" srcset=\"https:\/\/www.cudosconsultors.com\/wp-content\/uploads\/2022\/03\/jubilat-200x132.jpg 200w, https:\/\/www.cudosconsultors.com\/wp-content\/uploads\/2022\/03\/jubilat-400x265.jpg 400w, https:\/\/www.cudosconsultors.com\/wp-content\/uploads\/2022\/03\/jubilat-600x397.jpg 600w, https:\/\/www.cudosconsultors.com\/wp-content\/uploads\/2022\/03\/jubilat-800x530.jpg 800w, https:\/\/www.cudosconsultors.com\/wp-content\/uploads\/2022\/03\/jubilat-1200x794.jpg 1200w, https:\/\/www.cudosconsultors.com\/wp-content\/uploads\/2022\/03\/jubilat.jpg 1920w\" sizes=\"(max-width: 640px) 100vw, 1920px\" \/><\/span><\/div><\/div><style type=\"text\/css\">.fusion-body .fusion-builder-column-0{width:100% !important;margin-top : 0px;margin-bottom : 0px;}.fusion-builder-column-0 > .fusion-column-wrapper {padding-top : 0px !important;padding-right : 0px !important;margin-right : calc( 0.013333333333333 * calc( 100% - no ) );padding-bottom : 0px !important;padding-left : 0px !important;margin-left : no;}@media only screen and (max-width:1024px) {.fusion-body .fusion-builder-column-0{width:40% !important;order : 0;}.fusion-builder-column-0 > .fusion-column-wrapper {margin-right : calc( 0 * calc( 100% - no ) );margin-left : no;}}@media only screen and (max-width:640px) {.fusion-body .fusion-builder-column-0{width:100% !important;order : 0;}.fusion-builder-column-0 > .fusion-column-wrapper {margin-right : no;margin-left : no;}}<\/style><\/div><\/div><style type=\"text\/css\">.fusion-body .fusion-flex-container.fusion-builder-row-1{ padding-top : 0px;margin-top : 0px;padding-right : 0px;padding-bottom : 0px;margin-bottom : 0px;padding-left : 0px;}<\/style><\/div><div class=\"fusion-fullwidth fullwidth-box fusion-builder-row-2 fusion-flex-container nonhundred-percent-fullwidth non-hundred-percent-height-scrolling\" style=\"background-color: rgba(255,255,255,0);background-position: center center;background-repeat: no-repeat;border-width: 0px 0px 0px 0px;border-color:#e2e2e2;border-style:solid;\" ><div class=\"fusion-builder-row fusion-row fusion-flex-align-items-flex-start\" style=\"max-width:1248px;margin-left: calc(-4% \/ 2 );margin-right: calc(-4% \/ 2 );\"><div class=\"fusion-layout-column fusion_builder_column fusion-builder-column-1 fusion_builder_column_1_3 1_3 fusion-flex-column\"><div class=\"fusion-column-wrapper fusion-flex-justify-content-flex-start fusion-content-layout-column\" style=\"background-position:left top;background-repeat:no-repeat;-webkit-background-size:cover;-moz-background-size:cover;-o-background-size:cover;background-size:cover;padding: 30px 0px 0px 0px;\"><style type='text\/css'>.reading-box-container-1 .element-bottomshadow:before,.reading-box-container-1 .element-bottomshadow:after{opacity:0.7;}<\/style><div class=\"fusion-reading-box-container reading-box-container-1 fusion-animated\" data-animationType=\"fadeInLeft\" data-animationDuration=\"0.3\" data-animationOffset=\"top-into-view\" style=\"margin-top:30px;margin-bottom:30px;\"><div class=\"reading-box\" style=\"background-color:#ffffff;border-width:5px;border-color:#ffffff;border-left-width:5px;border-left-color:var(--primary_color);border-style:solid;\"><div class=\"fusion-reading-box-flex\"><h2>Jubilaci\u00f3n activa<\/h2><\/div><\/div><\/div><\/div><style type=\"text\/css\">.fusion-body .fusion-builder-column-1{width:33.333333333333% !important;margin-top : 0px;margin-bottom : 20px;}.fusion-builder-column-1 > .fusion-column-wrapper {padding-top : 30px !important;padding-right : 0px !important;margin-right : 5.76%;padding-bottom : 0px !important;padding-left : 0px !important;margin-left : 5.76%;}@media only screen and (max-width:1024px) {.fusion-body .fusion-builder-column-1{width:33.333333333333% !important;order : 0;}.fusion-builder-column-1 > .fusion-column-wrapper {margin-right : 5.76%;margin-left : 5.76%;}}@media only screen and (max-width:640px) {.fusion-body .fusion-builder-column-1{width:100% !important;order : 0;margin-top : 0px;margin-bottom : 0px;}.fusion-builder-column-1 > .fusion-column-wrapper {padding-top : 0px !important;margin-right : 1.92%;margin-left : 1.92%;}}<\/style><\/div><div class=\"fusion-layout-column fusion_builder_column fusion-builder-column-2 fusion_builder_column_2_3 2_3 fusion-flex-column\"><div class=\"fusion-column-wrapper fusion-flex-justify-content-flex-start fusion-content-layout-column\" style=\"background-position:left top;background-repeat:no-repeat;-webkit-background-size:cover;-moz-background-size:cover;-o-background-size:cover;background-size:cover;padding: 75px 0px 0px 0px;\"><div class=\"fusion-text fusion-text-1\"><p><strong>Doctrina sobre la compatibilidad de la pensi\u00f3n de jubilaci\u00f3n y el trabajo por cuenta propia.<\/strong><\/p>\n<p>Dos sentencias dictadas por el Pleno de la Sala Cuarta del Tribunal Supremo explican que para poder percibir el 100% de la pensi\u00f3n de jubilaci\u00f3n al tiempo que se desarrolla una actividad por cuenta propia no basta con ser miembro de una comunidad de bienes o administrador de una sociedad limitada, sino que es necesario desarrollar una actividad por cuenta propia, a t\u00edtulo individual, y tener contratado alg\u00fan trabajador.<\/p>\n<p>No basta con que la\u00a0contrataci\u00f3n laboral\u00a0la haya llevado a cabo una comunidad de bienes o una sociedad limitada.<\/p>\n<p>Para incentivar que las personas prologuen su vida activa, la Ley General de la Seguridad Social (LGSS) contempla la llamada <span style=\"color: #000000;\"><strong><a style=\"color: #000000;\" href=\"https:\/\/elderecho.com\/infografia-jubilacion-activa\" target=\"_blank\" rel=\"noopener\">\u201cjubilaci\u00f3n activa\u201d<\/a><\/strong><\/span>. Eso significa permitir que, cumpliendo ciertos requisitos, quien cobra la pensi\u00f3n de tal clase pueda compatibilizarla con un trabajo, por cuenta propia o ajena.<\/p>\n<p>La regla general es que en tales casos la pensi\u00f3n se cobra al 50%. Sin embargo, de manera excepcional, la Ley dispone que \u201csi la actividad se realiza por cuenta propia y se acredita tener contratado, al menos, a un trabajador por cuenta ajena, la cuant\u00eda de la pensi\u00f3n compatible con el trabajo alcanzar\u00e1 al 100 por ciento\u201d.<\/p>\n<p>Los casos ahora resueltos surgen como consecuencia de que quien percibe la pensi\u00f3n de jubilaci\u00f3n alega tener contratadas a varias personas a trav\u00e9s de la comunidad de bienes de que forma parte. Puesto que la condici\u00f3n de comunero comporta asumir personalmente las responsabilidades derivadas cuanto haga la comunidad de bienes, consideraban los pensionistas que tienen derecho a la jubilaci\u00f3n activa \u201cplena\u201d, es decir, sin merma de la pensi\u00f3n.<\/p>\n<p>Para cimentar su soluci\u00f3n, desestimatoria de las demandas, las sentencias examinan el tenor literal de la LGSS as\u00ed como las consecuencias de que los contratos de trabajo sean realizados por la comunidad de bienes y no por uno de sus comuneros. Al concluir que es la comunidad de bienes (no el pensionista) quien aparece como empleadora descartan que en tales casos exista el derecho al cobro \u00edntegro de la pensi\u00f3n de jubilaci\u00f3n. Las dos sentencias invocan diversos argumentos para sostener su posici\u00f3n, en l\u00ednea con la que hab\u00eda defendido el INSS.<\/p>\n<p>Ya en julio pasado la Sala Cuarta hab\u00eda entendido que el requisito de haber contratado a un trabajador por cuenta ajena tampoco concurre cuando \u00e9ste presta servicios para una sociedad de capital de la que el pensionista es socio mayoritario administrador.<\/p>\n<\/div><\/div><style type=\"text\/css\">.fusion-body .fusion-builder-column-2{width:66.666666666667% !important;margin-top : 0px;margin-bottom : 20px;}.fusion-builder-column-2 > .fusion-column-wrapper {padding-top : 75px !important;padding-right : 0px !important;margin-right : 2.88%;padding-bottom : 0px !important;padding-left : 0px !important;margin-left : 2.88%;}@media only screen and (max-width:1024px) {.fusion-body .fusion-builder-column-2{width:66.666666666667% !important;order : 0;}.fusion-builder-column-2 > .fusion-column-wrapper {margin-right : 2.88%;margin-left : 2.88%;}}@media only screen and (max-width:640px) {.fusion-body .fusion-builder-column-2{width:100% !important;order : 0;margin-top : 0px;margin-bottom : 0px;}.fusion-builder-column-2 > .fusion-column-wrapper {padding-top : 0px !important;margin-right : 1.92%;padding-bottom : 0px !important;margin-left : 1.92%;}}<\/style><\/div><\/div><style type=\"text\/css\">.fusion-body .fusion-flex-container.fusion-builder-row-2{ padding-top : 0px;margin-top : 0px;padding-right : 0px;padding-bottom : 0px;margin-bottom : 0px;padding-left : 0px;}<\/style><\/div><!-- \/wp:post-content -->","protected":false},"excerpt":{"rendered":"","protected":false},"author":1,"featured_media":11235,"comment_status":"open","ping_status":"closed","sticky":false,"template":"","format":"standard","meta":{"footnotes":""},"categories":[61,60],"tags":[],"class_list":["post-11243","post","type-post","status-publish","format-standard","has-post-thumbnail","hentry","category-actualidad","category-laboral-es"],"_links":{"self":[{"href":"https:\/\/www.cudosconsultors.com\/es\/wp-json\/wp\/v2\/posts\/11243","targetHints":{"allow":["GET"]}}],"collection":[{"href":"https:\/\/www.cudosconsultors.com\/es\/wp-json\/wp\/v2\/posts"}],"about":[{"href":"https:\/\/www.cudosconsultors.com\/es\/wp-json\/wp\/v2\/types\/post"}],"author":[{"embeddable":true,"href":"https:\/\/www.cudosconsultors.com\/es\/wp-json\/wp\/v2\/users\/1"}],"replies":[{"embeddable":true,"href":"https:\/\/www.cudosconsultors.com\/es\/wp-json\/wp\/v2\/comments?post=11243"}],"version-history":[{"count":3,"href":"https:\/\/www.cudosconsultors.com\/es\/wp-json\/wp\/v2\/posts\/11243\/revisions"}],"predecessor-version":[{"id":11246,"href":"https:\/\/www.cudosconsultors.com\/es\/wp-json\/wp\/v2\/posts\/11243\/revisions\/11246"}],"wp:featuredmedia":[{"embeddable":true,"href":"https:\/\/www.cudosconsultors.com\/es\/wp-json\/wp\/v2\/media\/11235"}],"wp:attachment":[{"href":"https:\/\/www.cudosconsultors.com\/es\/wp-json\/wp\/v2\/media?parent=11243"}],"wp:term":[{"taxonomy":"category","embeddable":true,"href":"https:\/\/www.cudosconsultors.com\/es\/wp-json\/wp\/v2\/categories?post=11243"},{"taxonomy":"post_tag","embeddable":true,"href":"https:\/\/www.cudosconsultors.com\/es\/wp-json\/wp\/v2\/tags?post=11243"}],"curies":[{"name":"wp","href":"https:\/\/api.w.org\/{rel}","templated":true}]}}