{"id":11100,"date":"2022-03-04T17:17:12","date_gmt":"2022-03-04T16:17:12","guid":{"rendered":"https:\/\/www.cudos-consultors.com\/?p=11100"},"modified":"2022-03-04T17:19:46","modified_gmt":"2022-03-04T16:19:46","slug":"covid19","status":"publish","type":"post","link":"https:\/\/www.cudosconsultors.com\/es\/covid19\/","title":{"rendered":"Nuevas exenciones a la cotizaci\u00f3n de aut\u00f3nomos y eliminaci\u00f3n de las prestaciones por cese de actividad derivadas de la Covid-19"},"content":{"rendered":"<p><div class=\"fusion-fullwidth fullwidth-box fusion-builder-row-1 fusion-flex-container hundred-percent-fullwidth non-hundred-percent-height-scrolling\" style=\"background-color: rgba(255,255,255,0);background-position: center center;background-repeat: no-repeat;border-width: 0px 0px 0px 0px;border-color:#e2e2e2;border-style:solid;\" ><div class=\"fusion-builder-row fusion-row fusion-flex-align-items-stretch\" style=\"width:calc( 100% + ) !important;max-width:calc( 100% + ) !important;margin-left: calc(- \/ 2 );margin-right: calc(- \/ 2 );\"><div class=\"fusion-layout-column fusion_builder_column fusion-builder-column-0 fusion_builder_column_1_1 1_1 fusion-flex-column\"><div class=\"fusion-column-wrapper fusion-flex-justify-content-center fusion-content-layout-column\" style=\"background-position:center top;background-repeat:no-repeat;-webkit-background-size:cover;-moz-background-size:cover;-o-background-size:cover;background-size:cover;background-color:#002169;border-width: 0px 0 0px 50px;border-color:#002169;border-style:solid;padding: 0px 0px 0px 0px;\"><div ><span class=\" fusion-imageframe imageframe-none imageframe-1 hover-type-zoomin\" style=\"max-width:600px;\"><img decoding=\"async\" width=\"1920\" height=\"1280\" title=\"covid\" src=\"https:\/\/cudosconsultors.com\/wp-content\/uploads\/2022\/03\/covid.jpg\" alt class=\"img-responsive wp-image-11109\" srcset=\"https:\/\/www.cudosconsultors.com\/wp-content\/uploads\/2022\/03\/covid-200x133.jpg 200w, https:\/\/www.cudosconsultors.com\/wp-content\/uploads\/2022\/03\/covid-400x267.jpg 400w, https:\/\/www.cudosconsultors.com\/wp-content\/uploads\/2022\/03\/covid-600x400.jpg 600w, https:\/\/www.cudosconsultors.com\/wp-content\/uploads\/2022\/03\/covid-800x533.jpg 800w, https:\/\/www.cudosconsultors.com\/wp-content\/uploads\/2022\/03\/covid-1200x800.jpg 1200w, https:\/\/www.cudosconsultors.com\/wp-content\/uploads\/2022\/03\/covid.jpg 1920w\" sizes=\"(max-width: 640px) 100vw, 1920px\" \/><\/span><\/div><\/div><style type=\"text\/css\">.fusion-body .fusion-builder-column-0{width:100% !important;margin-top : 0px;margin-bottom : 0px;}.fusion-builder-column-0 > .fusion-column-wrapper {padding-top : 0px !important;padding-right : 0px !important;margin-right : calc( 0.013333333333333 * calc( 100% - no ) );padding-bottom : 0px !important;padding-left : 0px !important;margin-left : no;}@media only screen and (max-width:1024px) {.fusion-body .fusion-builder-column-0{width:40% !important;order : 0;}.fusion-builder-column-0 > .fusion-column-wrapper {margin-right : calc( 0 * calc( 100% - no ) );margin-left : no;}}@media only screen and (max-width:640px) {.fusion-body .fusion-builder-column-0{width:100% !important;order : 0;}.fusion-builder-column-0 > .fusion-column-wrapper {margin-right : no;margin-left : no;}}<\/style><\/div><\/div><style type=\"text\/css\">.fusion-body .fusion-flex-container.fusion-builder-row-1{ padding-top : 0px;margin-top : 0px;padding-right : 0px;padding-bottom : 0px;margin-bottom : 0px;padding-left : 0px;}<\/style><\/div><div class=\"fusion-fullwidth fullwidth-box fusion-builder-row-2 fusion-flex-container nonhundred-percent-fullwidth non-hundred-percent-height-scrolling\" style=\"background-color: rgba(255,255,255,0);background-position: center center;background-repeat: no-repeat;border-width: 0px 0px 0px 0px;border-color:#e2e2e2;border-style:solid;\" ><div class=\"fusion-builder-row fusion-row fusion-flex-align-items-flex-start\" style=\"max-width:1248px;margin-left: calc(-4% \/ 2 );margin-right: calc(-4% \/ 2 );\"><div class=\"fusion-layout-column fusion_builder_column fusion-builder-column-1 fusion_builder_column_1_3 1_3 fusion-flex-column\"><div class=\"fusion-column-wrapper fusion-flex-justify-content-flex-start fusion-content-layout-column\" style=\"background-position:left top;background-repeat:no-repeat;-webkit-background-size:cover;-moz-background-size:cover;-o-background-size:cover;background-size:cover;padding: 30px 0px 0px 0px;\"><style type='text\/css'>.reading-box-container-1 .element-bottomshadow:before,.reading-box-container-1 .element-bottomshadow:after{opacity:0.7;}<\/style><div class=\"fusion-reading-box-container reading-box-container-1 fusion-animated\" data-animationType=\"fadeInLeft\" data-animationDuration=\"0.3\" data-animationOffset=\"top-into-view\" style=\"margin-top:30px;margin-bottom:30px;\"><div class=\"reading-box\" style=\"background-color:#ffffff;border-width:5px;border-color:#ffffff;border-left-width:5px;border-left-color:var(--primary_color);border-style:solid;\"><div class=\"fusion-reading-box-flex\"><h2>Nuevas exenciones a la cotizaci\u00f3n de aut\u00f3nomos y eliminaci\u00f3n de las prestaciones por cese de actividad derivadas de la Covid-19<\/h2><\/div><\/div><\/div><\/div><style type=\"text\/css\">.fusion-body .fusion-builder-column-1{width:33.333333333333% !important;margin-top : 0px;margin-bottom : 20px;}.fusion-builder-column-1 > .fusion-column-wrapper {padding-top : 30px !important;padding-right : 0px !important;margin-right : 5.76%;padding-bottom : 0px !important;padding-left : 0px !important;margin-left : 5.76%;}@media only screen and (max-width:1024px) {.fusion-body .fusion-builder-column-1{width:33.333333333333% !important;order : 0;}.fusion-builder-column-1 > .fusion-column-wrapper {margin-right : 5.76%;margin-left : 5.76%;}}@media only screen and (max-width:640px) {.fusion-body .fusion-builder-column-1{width:100% !important;order : 0;margin-top : 0px;margin-bottom : 0px;}.fusion-builder-column-1 > .fusion-column-wrapper {padding-top : 0px !important;margin-right : 1.92%;margin-left : 1.92%;}}<\/style><\/div><div class=\"fusion-layout-column fusion_builder_column fusion-builder-column-2 fusion_builder_column_2_3 2_3 fusion-flex-column\"><div class=\"fusion-column-wrapper fusion-flex-justify-content-flex-start fusion-content-layout-column\" style=\"background-position:left top;background-repeat:no-repeat;-webkit-background-size:cover;-moz-background-size:cover;-o-background-size:cover;background-size:cover;padding: 75px 0px 0px 0px;\"><div class=\"fusion-text fusion-text-1\"><p>Se publican las nuevas exenciones a la cotizaci\u00f3n de aut\u00f3nomos y se eliminan las prestaciones por cese de actividad derivadas de la covidencia19 a excepci\u00f3n de la prestaci\u00f3n de cese por suspensi\u00f3n temporal de toda la actividad.<\/p>\n<p>Se ha publicado en el bolet\u00edn oficial del estado el RD-ley 2\/2022, de 22 de febrero de 2022, con el objetivo de restablecer el funcionamiento normal de la actividad econ\u00f3mica y productiva empresarial y la protecci\u00f3n de los lectivos que pudieran resultar damnificados.<\/p>\n<p>Respecto a las personas aut\u00f3nomas, con el RD ley 18\/2021, de 28 de septiembre, se inici\u00f3 un proceso de acomodaci\u00f3n a la nueva situaci\u00f3n de recuperaci\u00f3n econ\u00f3mica de las prestaciones que la seguridad social ha venido reconociendo desde el inicio de la pandemia .<\/p>\n<p><strong>1. El art\u00edculo 1 de este RD-ley establece las exenciones a la cotizaci\u00f3n a favor de las personas aut\u00f3nomas que hayan percibido alguna modalidad de prestaci\u00f3n por cese de la actividad al amparo del RD-ley 18\/2021, de 28 de septiembre, fij\u00e1ndose los porcentajes de exoneraci\u00f3n correspondientes a los meses de marzo, abril, mayo y junio de 2022.<\/strong><\/p>\n<p>A partir del 1\/03\/2022, las personas aut\u00f3nomas que hayan percibido a 28 de febrero de 2022 algunas de las prestaciones previstas en los art\u00edculos 10 y 11 del RD-ley 18\/2021, de 28 de septiembre, tendr\u00e1n derecho a una exenci\u00f3n de la obligaci\u00f3n de cotizar en las siguientes cuant\u00edas.<\/p>\n<ul>\n<li>90 por 100 de las cotizaciones correspondientes al mes de marzo de 2022.<\/li>\n<li>75 por 100 de las cotizaciones correspondientes al mes de abril de 2022.<\/li>\n<li>50 por 100 de las cotizaciones correspondientes al mes de mayo de 2022<\/li>\n<li>25 por 100 de las cotizaciones correspondientes al mes de junio de 2022.<\/li>\n<\/ul>\n<p>Es importante que tengamos en cuenta que, para poder beneficiarse de estas exenciones, debe mantenerse el alta hasta el 30 de junio de 2022.<\/p>\n<p>La prestaci\u00f3n ser\u00e1 incompatible con la percepci\u00f3n por cese de la actividad en cualquiera de sus modalidades.<\/p>\n<p><strong>2. Mediante el art\u00edculo 2, se mantiene a partir del 1\/03\/2022 la prestaci\u00f3n por cese extraordinaria en caso de cese de la actividad de las personas aut\u00f3nomas afectadas por una suspensi\u00f3n temporal de la actividad como consecuencia de una resoluci\u00f3n de la autoridad laboral competente como medida de contenci\u00f3n de la propagaci\u00f3n de la covid19.<\/strong><\/p>\n<p>Los requisitos son:<\/p>\n<ul>\n<li>Estar afiliado y en alta en R\u00e9gimen especial de trabajadores por cuenta propia o aut\u00f3nomos o en el RETM, m\u00ednimo 30 d\u00edas naturales antes de la fecha de la resoluci\u00f3n o acuerdo de la suspensi\u00f3n de la actividad.<\/li>\n<li>Estar al corriente de pago con las cuotas de la seguridad social.<\/li>\n<li>Es incompatible con la percepci\u00f3n de una retribuci\u00f3n por cuenta ajena o por cuenta propia (derivada de otra actividad), salvo que el ingreso sea inferior a 1,25 veces el importe del SMI.<\/li>\n<\/ul>\n<p>La cuant\u00eda de la prestaci\u00f3n por cese derivada de este art\u00edculo 2 ser\u00e1 del 70% de la base m\u00ednima de cotizaci\u00f3n que corresponda para la actividad desarrollada. Durante el tiempo que se permanezca en la situaci\u00f3n descrita en el art\u00edculo 2, la persona aut\u00f3noma quedar\u00e1 exonerada de la obligaci\u00f3n de cotizar desde el primer d\u00eda del mes en que se adopte la medida del cierre de la actividad, hasta el \u00faltimo d\u00eda del mes siguiente al que se levante la medida o hasta el 30\/06\/2022 si esta \u00faltima fecha fuese anterior.<\/p>\n<p>En caso de que se levante la medida y finalice el derecho a la prestaci\u00f3n por cese de la actividad afectado por una suspensi\u00f3n temporal, la persona aut\u00f3noma podr\u00e1 beneficiarse de las exenciones previstas en el art\u00edculo 1 de esta normativa hasta el 30 de junio de 2020.<\/p>\n<p><strong>Nota:<\/strong> Mediante las disposiciones adicionales finales cuarta, quinta, s\u00e9ptima y novena se modifican algunos de los art\u00edculos del RD-ley 2\/2021, de 26 de enero; del RDley 3\/2021, de 2 de febrero; del RD 11\/2021, de 27 de mayo y del RD-ley 18\/2021, de 28 de septiembre, con la finalidad de otorgar un tratamiento igualitario a todas las personas aut\u00f3nomas perceptoras de la prestaci\u00f3n por cese de la actividad en cumplimiento del requisito de reducci\u00f3n de la facturaci\u00f3n exigida con independencia del sistema de tributaci\u00f3n aplicable.<\/p>\n<\/div><\/div><style type=\"text\/css\">.fusion-body .fusion-builder-column-2{width:66.666666666667% !important;margin-top : 0px;margin-bottom : 20px;}.fusion-builder-column-2 > .fusion-column-wrapper {padding-top : 75px !important;padding-right : 0px !important;margin-right : 2.88%;padding-bottom : 0px !important;padding-left : 0px !important;margin-left : 2.88%;}@media only screen and (max-width:1024px) {.fusion-body .fusion-builder-column-2{width:66.666666666667% !important;order : 0;}.fusion-builder-column-2 > .fusion-column-wrapper {margin-right : 2.88%;margin-left : 2.88%;}}@media only screen and (max-width:640px) {.fusion-body .fusion-builder-column-2{width:100% !important;order : 0;margin-top : 0px;margin-bottom : 0px;}.fusion-builder-column-2 > .fusion-column-wrapper {padding-top : 0px !important;margin-right : 1.92%;padding-bottom : 0px !important;margin-left : 1.92%;}}<\/style><\/div><\/div><style type=\"text\/css\">.fusion-body .fusion-flex-container.fusion-builder-row-2{ padding-top : 0px;margin-top : 0px;padding-right : 0px;padding-bottom : 0px;margin-bottom : 0px;padding-left : 0px;}<\/style><\/div><\/p>\n","protected":false},"excerpt":{"rendered":"","protected":false},"author":1,"featured_media":11109,"comment_status":"open","ping_status":"closed","sticky":false,"template":"","format":"standard","meta":{"footnotes":""},"categories":[61,55],"tags":[],"class_list":["post-11100","post","type-post","status-publish","format-standard","has-post-thumbnail","hentry","category-actualidad","category-fiscal-es"],"_links":{"self":[{"href":"https:\/\/www.cudosconsultors.com\/es\/wp-json\/wp\/v2\/posts\/11100","targetHints":{"allow":["GET"]}}],"collection":[{"href":"https:\/\/www.cudosconsultors.com\/es\/wp-json\/wp\/v2\/posts"}],"about":[{"href":"https:\/\/www.cudosconsultors.com\/es\/wp-json\/wp\/v2\/types\/post"}],"author":[{"embeddable":true,"href":"https:\/\/www.cudosconsultors.com\/es\/wp-json\/wp\/v2\/users\/1"}],"replies":[{"embeddable":true,"href":"https:\/\/www.cudosconsultors.com\/es\/wp-json\/wp\/v2\/comments?post=11100"}],"version-history":[{"count":5,"href":"https:\/\/www.cudosconsultors.com\/es\/wp-json\/wp\/v2\/posts\/11100\/revisions"}],"predecessor-version":[{"id":11127,"href":"https:\/\/www.cudosconsultors.com\/es\/wp-json\/wp\/v2\/posts\/11100\/revisions\/11127"}],"wp:featuredmedia":[{"embeddable":true,"href":"https:\/\/www.cudosconsultors.com\/es\/wp-json\/wp\/v2\/media\/11109"}],"wp:attachment":[{"href":"https:\/\/www.cudosconsultors.com\/es\/wp-json\/wp\/v2\/media?parent=11100"}],"wp:term":[{"taxonomy":"category","embeddable":true,"href":"https:\/\/www.cudosconsultors.com\/es\/wp-json\/wp\/v2\/categories?post=11100"},{"taxonomy":"post_tag","embeddable":true,"href":"https:\/\/www.cudosconsultors.com\/es\/wp-json\/wp\/v2\/tags?post=11100"}],"curies":[{"name":"wp","href":"https:\/\/api.w.org\/{rel}","templated":true}]}}