{"id":11071,"date":"2022-03-01T12:06:56","date_gmt":"2022-03-01T11:06:56","guid":{"rendered":"https:\/\/www.cudos-consultors.com\/?p=11071"},"modified":"2022-03-01T12:10:00","modified_gmt":"2022-03-01T11:10:00","slug":"multa_rfef","status":"publish","type":"post","link":"https:\/\/www.cudosconsultors.com\/es\/multa_rfef\/","title":{"rendered":"Multa de 200.000 euros a la RFEF al grabar una videoconferencia por zoom y posteriormente difundirla sin informar a los participantes"},"content":{"rendered":"<p><div class=\"fusion-fullwidth fullwidth-box fusion-builder-row-1 fusion-flex-container hundred-percent-fullwidth non-hundred-percent-height-scrolling\" style=\"background-color: rgba(255,255,255,0);background-position: center center;background-repeat: no-repeat;border-width: 0px 0px 0px 0px;border-color:#e2e2e2;border-style:solid;\" ><div class=\"fusion-builder-row fusion-row fusion-flex-align-items-stretch\" style=\"width:calc( 100% + ) !important;max-width:calc( 100% + ) !important;margin-left: calc(- \/ 2 );margin-right: calc(- \/ 2 );\"><div class=\"fusion-layout-column fusion_builder_column fusion-builder-column-0 fusion_builder_column_1_1 1_1 fusion-flex-column\"><div class=\"fusion-column-wrapper fusion-flex-justify-content-center fusion-content-layout-column\" style=\"background-position:center top;background-repeat:no-repeat;-webkit-background-size:cover;-moz-background-size:cover;-o-background-size:cover;background-size:cover;background-color:#002169;border-width: 0px 0 0px 50px;border-color:#002169;border-style:solid;padding: 0px 0px 0px 0px;\"><div ><span class=\" fusion-imageframe imageframe-none imageframe-1 hover-type-zoomin\" style=\"max-width:900px;\"><img decoding=\"async\" width=\"1920\" height=\"1152\" title=\"videoconferencia\" src=\"https:\/\/cudosconsultors.com\/wp-content\/uploads\/2022\/03\/videoconferencia.png\" alt class=\"img-responsive wp-image-11080\" srcset=\"https:\/\/www.cudosconsultors.com\/wp-content\/uploads\/2022\/03\/videoconferencia-200x120.png 200w, https:\/\/www.cudosconsultors.com\/wp-content\/uploads\/2022\/03\/videoconferencia-400x240.png 400w, https:\/\/www.cudosconsultors.com\/wp-content\/uploads\/2022\/03\/videoconferencia-600x360.png 600w, https:\/\/www.cudosconsultors.com\/wp-content\/uploads\/2022\/03\/videoconferencia-800x480.png 800w, https:\/\/www.cudosconsultors.com\/wp-content\/uploads\/2022\/03\/videoconferencia-1200x720.png 1200w, https:\/\/www.cudosconsultors.com\/wp-content\/uploads\/2022\/03\/videoconferencia.png 1920w\" sizes=\"(max-width: 640px) 100vw, 1920px\" \/><\/span><\/div><\/div><style type=\"text\/css\">.fusion-body .fusion-builder-column-0{width:100% !important;margin-top : 0px;margin-bottom : 0px;}.fusion-builder-column-0 > .fusion-column-wrapper {padding-top : 0px !important;padding-right : 0px !important;margin-right : calc( 0.013333333333333 * calc( 100% - no ) );padding-bottom : 0px !important;padding-left : 0px !important;margin-left : no;}@media only screen and (max-width:1024px) {.fusion-body .fusion-builder-column-0{width:40% !important;order : 0;}.fusion-builder-column-0 > .fusion-column-wrapper {margin-right : calc( 0 * calc( 100% - no ) );margin-left : no;}}@media only screen and (max-width:640px) {.fusion-body .fusion-builder-column-0{width:100% !important;order : 0;}.fusion-builder-column-0 > .fusion-column-wrapper {margin-right : no;margin-left : no;}}<\/style><\/div><\/div><style type=\"text\/css\">.fusion-body .fusion-flex-container.fusion-builder-row-1{ padding-top : 0px;margin-top : 0px;padding-right : 0px;padding-bottom : 0px;margin-bottom : 0px;padding-left : 0px;}<\/style><\/div><div class=\"fusion-fullwidth fullwidth-box fusion-builder-row-2 fusion-flex-container nonhundred-percent-fullwidth non-hundred-percent-height-scrolling\" style=\"background-color: rgba(255,255,255,0);background-position: center center;background-repeat: no-repeat;border-width: 0px 0px 0px 0px;border-color:#e2e2e2;border-style:solid;\" ><div class=\"fusion-builder-row fusion-row fusion-flex-align-items-flex-start\" style=\"max-width:1248px;margin-left: calc(-4% \/ 2 );margin-right: calc(-4% \/ 2 );\"><div class=\"fusion-layout-column fusion_builder_column fusion-builder-column-1 fusion_builder_column_1_3 1_3 fusion-flex-column\"><div class=\"fusion-column-wrapper fusion-flex-justify-content-flex-start fusion-content-layout-column\" style=\"background-position:left top;background-repeat:no-repeat;-webkit-background-size:cover;-moz-background-size:cover;-o-background-size:cover;background-size:cover;padding: 30px 0px 0px 0px;\"><style type='text\/css'>.reading-box-container-1 .element-bottomshadow:before,.reading-box-container-1 .element-bottomshadow:after{opacity:0.7;}<\/style><div class=\"fusion-reading-box-container reading-box-container-1 fusion-animated\" data-animationType=\"fadeInLeft\" data-animationDuration=\"0.3\" data-animationOffset=\"top-into-view\" style=\"margin-top:30px;margin-bottom:30px;\"><div class=\"reading-box\" style=\"background-color:#ffffff;border-width:5px;border-color:#ffffff;border-left-width:5px;border-left-color:var(--primary_color);border-style:solid;\"><div class=\"fusion-reading-box-flex\"><h2>Multa de 200.000 euros a la RFEF al grabar una videoconferencia por zoom y posteriormente difundirla sin informar a los participantes<\/h2><\/div><\/div><\/div><\/div><style type=\"text\/css\">.fusion-body .fusion-builder-column-1{width:33.333333333333% !important;margin-top : 0px;margin-bottom : 20px;}.fusion-builder-column-1 > .fusion-column-wrapper {padding-top : 30px !important;padding-right : 0px !important;margin-right : 5.76%;padding-bottom : 0px !important;padding-left : 0px !important;margin-left : 5.76%;}@media only screen and (max-width:1024px) {.fusion-body .fusion-builder-column-1{width:33.333333333333% !important;order : 0;}.fusion-builder-column-1 > .fusion-column-wrapper {margin-right : 5.76%;margin-left : 5.76%;}}@media only screen and (max-width:640px) {.fusion-body .fusion-builder-column-1{width:100% !important;order : 0;margin-top : 0px;margin-bottom : 0px;}.fusion-builder-column-1 > .fusion-column-wrapper {padding-top : 0px !important;margin-right : 1.92%;margin-left : 1.92%;}}<\/style><\/div><div class=\"fusion-layout-column fusion_builder_column fusion-builder-column-2 fusion_builder_column_2_3 2_3 fusion-flex-column\"><div class=\"fusion-column-wrapper fusion-flex-justify-content-flex-start fusion-content-layout-column\" style=\"background-position:left top;background-repeat:no-repeat;-webkit-background-size:cover;-moz-background-size:cover;-o-background-size:cover;background-size:cover;padding: 75px 0px 0px 0px;\"><div class=\"fusion-text fusion-text-1\"><p>En esta resoluci\u00f3n de la AEPD se analiza el caso de la Real Federaci\u00f3n Espa\u00f1ola de Futbol que grab\u00f3 una reuni\u00f3n celebrada a trav\u00e9s de zoom con diversos participantes y posteriormente difundi\u00f3 extractos de la misma en diversos medios de comunicaci\u00f3n.<\/p>\n<p>Tras la denuncia de diversos asistentes, se inicia un expediente por la AEPD que se\u00f1ala que no es suficiente que en la parte superior izquierda de la pantalla aparezca un mensaje que diga \u201cgrabando\u201d.<\/p>\n<p>Ha quedado constatado en todo este proceso es que el responsable del tratamiento no inform\u00f3\u2000en ning\u00fan momento a los asistentes a las reuniones de los siguientes puntos que marca el art\u00edculo 13 del RGPD:<\/p>\n<ol>\n<li>La identidad y los datos de contacto del responsable y, en su caso, de su representante.<\/li>\n<li>Los datos de contacto del delegado de protecci\u00f3n de datos, en su caso.<\/li>\n<li>Los fines del tratamiento a que se destinan los datos personales y la base jur\u00eddica del tratamiento.<\/li>\n<li>Los destinatarios o las categor\u00edas de destinatarios de los datos personales, en su caso.<\/li>\n<li>En su caso, la intenci\u00f3n del responsable de transferir datos personales a un tercer pa\u00eds u organizaci\u00f3n internacional.<\/li>\n<li>El plazo durante el cual se conservar\u00e1n los datos personales o, cuando no sea posible, los criterios utilizados para determinar este plazo.<\/li>\n<li>La existencia del derecho a solicitar al responsable del tratamiento el acceso a los datos personales relativos al interesado, y su rectificaci\u00f3n o supresi\u00f3n, o la limitaci\u00f3n de su tratamiento, o oponerse al tratamiento, as\u00ed\u2000como el derecho a la portabilidad de los datos.<\/li>\n<\/ol>\n<p>El derecho a presentar una reclamaci\u00f3n ante una autoridad de control.<\/p>\n<p>La infracci\u00f3n imputada lo es por falta de causa de legitimaci\u00f3n (art. 6.1) y falta de informaci\u00f3n (art. 13) del RGPD.<\/p>\n<p>Para evitar una infracci\u00f3n de este tipo es aconsejable que se informe de la pol\u00edtica de protecci\u00f3n de datos a los asistentes antes de la reuni\u00f3n y que se inicie la grabaci\u00f3n de la videoconferencia con la aparici\u00f3n en la pantalla del texto de la pol\u00edtica de protecci\u00f3n de datos durante unos segundos, para que quede constancia de la existencia de la misma.<\/p>\n<p>La resoluci\u00f3n <span style=\"color: #000000;\"><strong><a style=\"color: #000000;\" href=\"https:\/\/www.aepd.es\/es\/documento\/ps-00368-2021.pdf\" target=\"_blank\" rel=\"noopener\">aqu\u00ed<\/a><\/strong><\/span>.<\/p>\n<\/div><\/div><style type=\"text\/css\">.fusion-body .fusion-builder-column-2{width:66.666666666667% !important;margin-top : 0px;margin-bottom : 20px;}.fusion-builder-column-2 > .fusion-column-wrapper {padding-top : 75px !important;padding-right : 0px !important;margin-right : 2.88%;padding-bottom : 0px !important;padding-left : 0px !important;margin-left : 2.88%;}@media only screen and (max-width:1024px) {.fusion-body .fusion-builder-column-2{width:66.666666666667% !important;order : 0;}.fusion-builder-column-2 > .fusion-column-wrapper {margin-right : 2.88%;margin-left : 2.88%;}}@media only screen and (max-width:640px) {.fusion-body .fusion-builder-column-2{width:100% !important;order : 0;margin-top : 0px;margin-bottom : 0px;}.fusion-builder-column-2 > .fusion-column-wrapper {padding-top : 0px !important;margin-right : 1.92%;padding-bottom : 0px !important;margin-left : 1.92%;}}<\/style><\/div><\/div><style type=\"text\/css\">.fusion-body .fusion-flex-container.fusion-builder-row-2{ padding-top : 0px;margin-top : 0px;padding-right : 0px;padding-bottom : 0px;margin-bottom : 0px;padding-left : 0px;}<\/style><\/div><\/p>\n","protected":false},"excerpt":{"rendered":"","protected":false},"author":1,"featured_media":11080,"comment_status":"open","ping_status":"closed","sticky":false,"template":"","format":"standard","meta":{"footnotes":""},"categories":[61,56],"tags":[],"class_list":["post-11071","post","type-post","status-publish","format-standard","has-post-thumbnail","hentry","category-actualidad","category-juridico"],"_links":{"self":[{"href":"https:\/\/www.cudosconsultors.com\/es\/wp-json\/wp\/v2\/posts\/11071","targetHints":{"allow":["GET"]}}],"collection":[{"href":"https:\/\/www.cudosconsultors.com\/es\/wp-json\/wp\/v2\/posts"}],"about":[{"href":"https:\/\/www.cudosconsultors.com\/es\/wp-json\/wp\/v2\/types\/post"}],"author":[{"embeddable":true,"href":"https:\/\/www.cudosconsultors.com\/es\/wp-json\/wp\/v2\/users\/1"}],"replies":[{"embeddable":true,"href":"https:\/\/www.cudosconsultors.com\/es\/wp-json\/wp\/v2\/comments?post=11071"}],"version-history":[{"count":3,"href":"https:\/\/www.cudosconsultors.com\/es\/wp-json\/wp\/v2\/posts\/11071\/revisions"}],"predecessor-version":[{"id":11086,"href":"https:\/\/www.cudosconsultors.com\/es\/wp-json\/wp\/v2\/posts\/11071\/revisions\/11086"}],"wp:featuredmedia":[{"embeddable":true,"href":"https:\/\/www.cudosconsultors.com\/es\/wp-json\/wp\/v2\/media\/11080"}],"wp:attachment":[{"href":"https:\/\/www.cudosconsultors.com\/es\/wp-json\/wp\/v2\/media?parent=11071"}],"wp:term":[{"taxonomy":"category","embeddable":true,"href":"https:\/\/www.cudosconsultors.com\/es\/wp-json\/wp\/v2\/categories?post=11071"},{"taxonomy":"post_tag","embeddable":true,"href":"https:\/\/www.cudosconsultors.com\/es\/wp-json\/wp\/v2\/tags?post=11071"}],"curies":[{"name":"wp","href":"https:\/\/api.w.org\/{rel}","templated":true}]}}