{"id":10878,"date":"2022-02-17T09:47:54","date_gmt":"2022-02-17T08:47:54","guid":{"rendered":"https:\/\/www.cudos-consultors.com\/?p=10878"},"modified":"2022-02-21T10:05:43","modified_gmt":"2022-02-21T09:05:43","slug":"ley_vivienda","status":"publish","type":"post","link":"https:\/\/www.cudosconsultors.com\/es\/ley_vivienda\/","title":{"rendered":"La nueva Ley de la Vivienda"},"content":{"rendered":"<p><div class=\"fusion-fullwidth fullwidth-box fusion-builder-row-1 fusion-flex-container hundred-percent-fullwidth non-hundred-percent-height-scrolling\" style=\"background-color: rgba(255,255,255,0);background-position: center center;background-repeat: no-repeat;border-width: 0px 0px 0px 0px;border-color:#e2e2e2;border-style:solid;\" ><div class=\"fusion-builder-row fusion-row fusion-flex-align-items-stretch\" style=\"width:calc( 100% + ) !important;max-width:calc( 100% + ) !important;margin-left: calc(- \/ 2 );margin-right: calc(- \/ 2 );\"><div class=\"fusion-layout-column fusion_builder_column fusion-builder-column-0 fusion_builder_column_1_1 1_1 fusion-flex-column\"><div class=\"fusion-column-wrapper fusion-flex-justify-content-center fusion-content-layout-column\" style=\"background-position:center top;background-repeat:no-repeat;-webkit-background-size:cover;-moz-background-size:cover;-o-background-size:cover;background-size:cover;background-color:#002169;border-width: 0px 0 0px 50px;border-color:#002169;border-style:solid;padding: 0px 0px 0px 0px;\"><div ><span class=\" fusion-imageframe imageframe-none imageframe-1 hover-type-zoomin\" style=\"max-width:900px;\"><img decoding=\"async\" width=\"1920\" height=\"1152\" title=\"vivenda\" src=\"https:\/\/cudosconsultors.com\/wp-content\/uploads\/2022\/02\/vivenda.jpg\" alt class=\"img-responsive wp-image-10887\" srcset=\"https:\/\/www.cudosconsultors.com\/wp-content\/uploads\/2022\/02\/vivenda-200x120.jpg 200w, https:\/\/www.cudosconsultors.com\/wp-content\/uploads\/2022\/02\/vivenda-400x240.jpg 400w, https:\/\/www.cudosconsultors.com\/wp-content\/uploads\/2022\/02\/vivenda-600x360.jpg 600w, https:\/\/www.cudosconsultors.com\/wp-content\/uploads\/2022\/02\/vivenda-800x480.jpg 800w, https:\/\/www.cudosconsultors.com\/wp-content\/uploads\/2022\/02\/vivenda-1200x720.jpg 1200w, https:\/\/www.cudosconsultors.com\/wp-content\/uploads\/2022\/02\/vivenda.jpg 1920w\" sizes=\"(max-width: 640px) 100vw, 1920px\" \/><\/span><\/div><\/div><style type=\"text\/css\">.fusion-body .fusion-builder-column-0{width:100% !important;margin-top : 0px;margin-bottom : 0px;}.fusion-builder-column-0 > .fusion-column-wrapper {padding-top : 0px !important;padding-right : 0px !important;margin-right : calc( 0.013333333333333 * calc( 100% - no ) );padding-bottom : 0px !important;padding-left : 0px !important;margin-left : no;}@media only screen and (max-width:1024px) {.fusion-body .fusion-builder-column-0{width:40% !important;order : 0;}.fusion-builder-column-0 > .fusion-column-wrapper {margin-right : calc( 0 * calc( 100% - no ) );margin-left : no;}}@media only screen and (max-width:640px) {.fusion-body .fusion-builder-column-0{width:100% !important;order : 0;}.fusion-builder-column-0 > .fusion-column-wrapper {margin-right : no;margin-left : no;}}<\/style><\/div><\/div><style type=\"text\/css\">.fusion-body .fusion-flex-container.fusion-builder-row-1{ padding-top : 0px;margin-top : 0px;padding-right : 0px;padding-bottom : 0px;margin-bottom : 0px;padding-left : 0px;}<\/style><\/div><div class=\"fusion-fullwidth fullwidth-box fusion-builder-row-2 fusion-flex-container nonhundred-percent-fullwidth non-hundred-percent-height-scrolling\" style=\"background-color: rgba(255,255,255,0);background-position: center center;background-repeat: no-repeat;border-width: 0px 0px 0px 0px;border-color:#e2e2e2;border-style:solid;\" ><div class=\"fusion-builder-row fusion-row fusion-flex-align-items-flex-start\" style=\"max-width:1248px;margin-left: calc(-4% \/ 2 );margin-right: calc(-4% \/ 2 );\"><div class=\"fusion-layout-column fusion_builder_column fusion-builder-column-1 fusion_builder_column_1_3 1_3 fusion-flex-column\"><div class=\"fusion-column-wrapper fusion-flex-justify-content-flex-start fusion-content-layout-column\" style=\"background-position:left top;background-repeat:no-repeat;-webkit-background-size:cover;-moz-background-size:cover;-o-background-size:cover;background-size:cover;padding: 30px 0px 0px 0px;\"><style type='text\/css'>.reading-box-container-1 .element-bottomshadow:before,.reading-box-container-1 .element-bottomshadow:after{opacity:0.7;}<\/style><div class=\"fusion-reading-box-container reading-box-container-1 fusion-animated\" data-animationType=\"fadeInLeft\" data-animationDuration=\"0.3\" data-animationOffset=\"top-into-view\" style=\"margin-top:30px;margin-bottom:30px;\"><div class=\"reading-box\" style=\"background-color:#ffffff;border-width:5px;border-color:#ffffff;border-left-width:5px;border-left-color:var(--primary_color);border-style:solid;\"><div class=\"fusion-reading-box-flex\"><h2>La nueva Ley de la Vivienda<\/h2><\/div><\/div><\/div><\/div><style type=\"text\/css\">.fusion-body .fusion-builder-column-1{width:33.333333333333% !important;margin-top : 0px;margin-bottom : 20px;}.fusion-builder-column-1 > .fusion-column-wrapper {padding-top : 30px !important;padding-right : 0px !important;margin-right : 5.76%;padding-bottom : 0px !important;padding-left : 0px !important;margin-left : 5.76%;}@media only screen and (max-width:1024px) {.fusion-body .fusion-builder-column-1{width:33.333333333333% !important;order : 0;}.fusion-builder-column-1 > .fusion-column-wrapper {margin-right : 5.76%;margin-left : 5.76%;}}@media only screen and (max-width:640px) {.fusion-body .fusion-builder-column-1{width:100% !important;order : 0;margin-top : 0px;margin-bottom : 0px;}.fusion-builder-column-1 > .fusion-column-wrapper {padding-top : 0px !important;margin-right : 1.92%;margin-left : 1.92%;}}<\/style><\/div><div class=\"fusion-layout-column fusion_builder_column fusion-builder-column-2 fusion_builder_column_2_3 2_3 fusion-flex-column\"><div class=\"fusion-column-wrapper fusion-flex-justify-content-flex-start fusion-content-layout-column\" style=\"background-position:left top;background-repeat:no-repeat;-webkit-background-size:cover;-moz-background-size:cover;-o-background-size:cover;background-size:cover;padding: 75px 0px 0px 0px;\"><div class=\"fusion-text fusion-text-1\"><p>El Consejo de Ministros ha aprobado este martes el proyecto de Ley de Vivienda, pese al\u00a0<a href=\"https:\/\/noticias.habitaclia.com\/el-cgpj-aprueba-por-mayoria-de-quince-votos-el-informe-critico-sobre-la-ley-de-vivienda\/\" target=\"_blank\" rel=\"noopener\"><span style=\"color: #000000;\">informe preceptivo en contra del Consejo General del Poder Judicial (CGPJ),<\/span><\/a>\u00a0y\u00a0<strong>remitir\u00e1 el texto al Congreso para su tramitaci\u00f3n de urgencia.<\/strong><\/p>\n<p>La ministra de Transportes, Movilidad y Agenda Urbana, Raquel S\u00e1nchez, se ha referido a ese informe que\u00a0<strong>el Gobierno ha estudiado \u00abcon respeto absoluto a las consideraciones\u00bb<\/strong>\u00a0y ha se\u00f1alado que\u00a0<strong>se han \u00abincorporado comentarios\u00bb<\/strong>\u00a0para \u00abclarificar determinados art\u00edculos donde entra la normativa auton\u00f3mica\u00bb.<\/p>\n<p>\u00abEl Gobierno quiere destacar que este proyecto de ley\u00a0<strong>reconoce las competencias de las comunidades aut\u00f3nomas en materia de vivienda<\/strong>\u00a0y pone a su disposici\u00f3n aprobar todas aquellas herramientas para ayudar a hacer efectivo este derecho b\u00e1sico\u00bb, ha dicho la S\u00e1nchez.<\/p>\n<p>Por su parte, la ministra de Derechos Sociales y Agenda 2030, Ione Belarra, tambi\u00e9n propulsora de la normativa, ha a\u00f1adido que la ley\u00a0<strong>\u00abera absolutamente imprescindible para empezar a dar los primeros pasos en la direcci\u00f3n correcta\u00bb.<\/strong><\/p>\n<p><strong>\u00abEsta ley protege a los inquilinos, se lo pone f\u00e1cil a los peque\u00f1os propietarios y exige responsabilidad a los grandes propietarios\u00bb<\/strong>, ha apuntado Belarra.<\/p>\n<p>Pero, \u00bfcu\u00e1les son las medidas y objetivos de la nueva Ley de Vivienda?<\/p>\n<p>Las nueva Ley de Vivienda incluye importantes medidas e instrumentos para alcanzar los objetivos de mejora del acceso a la vivienda, destacando las siguientes novedades:<\/p>\n<p><strong>Con la nueva Ley de Vivienda no se podr\u00e1 volver a enajenar el parque p\u00fablico de vivienda social<\/strong><\/p>\n<p>Que ser\u00e1 considerado como un patrimonio permanentemente sujeto a protecci\u00f3n<strong>.\u00a0<\/strong>Para ello el Anteproyecto establece una estricta regulaci\u00f3n de los parques p\u00fablicos, evitando que vuelvan a repetirse<strong>\u00a0operaciones de venta del parque p\u00fablico de vivienda<\/strong>\u00a0a fondos de inversi\u00f3n por parte de algunas Administraciones territoriales.<\/p>\n<p><strong>Se establece la calificaci\u00f3n indefinida de la vivienda protegida<\/strong><\/p>\n<p>Garantizando siempre, al menos, un periodo de treinta a\u00f1os. Se fijan a nivel estatal unas condiciones b\u00e1sicas,\u00a0<strong>definiendo un r\u00e9gimen de protecci\u00f3n p\u00fablica<\/strong>\u00a0permanente de las viviendas protegidas que se promuevan sobre suelo calificado de reserva. En el resto de supuestos, se fija un plazo m\u00ednimo de descalificaci\u00f3n de 30 a\u00f1os.<\/p>\n<p><strong>Se introduce el concepto de vivienda asequible incentivada<\/strong><\/p>\n<p>Se trata, seg\u00fan el Gobierno, de una figura necesaria para incrementar la oferta a corto plazo. Se trata de un novedoso concepto que se\u00a0<strong>suma a la vivienda protegida como mecanismo efectivo para incrementar la oferta de vivienda<\/strong>\u00a0a precios asequibles, favoreciendo la participaci\u00f3n del sector privado y del tercer sector a trav\u00e9s de la instrumentaci\u00f3n de beneficios de car\u00e1cter urban\u00edstico, fiscal, entre otros.<\/p>\n<p><strong>El derecho a una vivienda digna y adecuada debe ejercerse en condiciones asequibles<\/strong><\/p>\n<p>Y a\u00f1aden, comprometiendo a los poderes p\u00fablicos. Se desarrolla y refuerza<strong>\u00a0el concepto de vivienda digna y adecuada<\/strong>\u00a0recogido en el art\u00edculo 47 de la Constituci\u00f3n Espa\u00f1ola, para asegurar el compromiso de los poderes p\u00fablicos para hacerlo efectivo, incorporando en el concepto aspectos como el de habitabilidad, accesibilidad, eficiencia energ\u00e9tica, utilizaci\u00f3n de energ\u00edas renovables o acceso a redes de suministros b\u00e1sicos, para responder a las necesidades de residencia de los hogares en condiciones asequibles.<\/p>\n<p><strong>Se define un estatuto jur\u00eddico de derechos y deberes asociados a la propiedad de vivienda<\/strong><\/p>\n<p>Delimitando su funci\u00f3n social. Se aprueba, por primera vez a nivel estatal,\u00a0<strong>un marco jur\u00eddico del derecho a la vivienda<\/strong>\u00a0que establece un conjunto de derechos y deberes de car\u00e1cter general, y un estatuto de derechos y deberes asociados a la propiedad de vivienda, delimitando la funci\u00f3n social siguiendo el mandato constitucional.<\/p>\n<p><strong>Declaraci\u00f3n de zonas de mercado residencial tensionado<\/strong><\/p>\n<p><strong>Seguramente se trate de una de las medidas m\u00e1s controvertidas<\/strong>. El caso es que, con objeto de aplicar medidas efectivas para favorecer el acceso a la vivienda, las Administraciones competentes en materia de vivienda, Comunidades Aut\u00f3nomas, podr\u00e1n declarar zonas de mercado residencial tensionado, estableci\u00e9ndose en la norma estatal un procedimiento de declaraci\u00f3n basado en criterios objetivos que determinar\u00e1 la aplicaci\u00f3n de diferentes medidas encaminadas a equilibrar y minorar los precios del alquiler en tales zonas.<\/p>\n<p><strong>Definici\u00f3n de grandes tenedores con car\u00e1cter general y deberes de informaci\u00f3n y colaboraci\u00f3n en zonas de mercado tensionado<\/strong><\/p>\n<p>Se introduce en la Ley estatal de una\u00a0<strong>definici\u00f3n de car\u00e1cter general del concepto de \u201cgran tenedor\u201d<\/strong>, como la persona f\u00edsica o jur\u00eddica que sea titular de m\u00e1s de diez inmuebles urbanos de uso residencial o una superficie construida de m\u00e1s de 1.500 m<sup>2<\/sup>, tambi\u00e9n de uso residencial, excluyendo en ambos casos garajes y trasteros. Sobre esta definici\u00f3n, en \u00abzonas de mercado residencial tensionado\u00bb podr\u00e1n establecerse criterios adicionales debidamente motivados.<\/p>\n<p><strong>Mecanismos de contenci\u00f3n y bajada de los precios del alquiler de vivienda<\/strong><\/p>\n<p><strong>Se establecen nuevos mecanismos de contenci\u00f3n y bajada de precios<\/strong>, a trav\u00e9s de la mejora del marco fiscal, presupuestario, o de gesti\u00f3n patrimonial, y de regulaci\u00f3n en \u00e1reas declaradas como de mercado residencial tensionado, con el objetivo de:<\/p>\n<ul>\n<li>La incorporaci\u00f3n de m\u00e1s viviendas al mercado del alquiler<strong>\u00a0<\/strong>como vivienda habitual en estas zonas, para equilibrar el mercado<\/li>\n<li>La contenci\u00f3n y reducci\u00f3n de la renta, impidiendo los incrementos abusivos e incentivando bajadas en el alquiler a trav\u00e9s de un tratamiento fiscalmente favorable<\/li>\n<\/ul>\n<p><strong>Se\u00a0establece un mecanismo de car\u00e1cter excepcional y acotado en el tiempo<\/strong>, que pudiera intervenir en el mercado para amortiguar las situaciones de tensi\u00f3n y conceder a las administraciones competentes el tiempo necesario para poder compensar en su caso el d\u00e9ficit de oferta o corregir con otras pol\u00edticas de vivienda las carencias de esas zonas. As\u00ed, como consecuencia de la declaraci\u00f3n del \u00e1rea de mercado residencial tensionado se activar\u00e1n las siguientes medidas:<\/p>\n<ul>\n<li>Para las viviendas arrendadas, se establece la posibilidad de que el arrendatario pueda\u00a0<strong>acogerse a la finalizaci\u00f3n del contrato a una pr\u00f3rroga extraordinaria<\/strong>, de car\u00e1cter anual, y por un periodo m\u00e1ximo de tres a\u00f1os, en los mismos t\u00e9rminos y condiciones del contrato en vigor.<\/li>\n<li><strong>En nuevos contratos de arrendamiento de viviendas ya arrendadas<\/strong>, a nuevos inquilinos, se establece la limitaci\u00f3n del alquiler en estas zonas, con car\u00e1cter general a la renta del contrato anterior (con el incremento del IPC correspondiente), permitiendo ciertos incrementos adicionales m\u00e1ximos en determinados supuestos establecidos en el Anteproyecto de Ley,<\/li>\n<li><strong>Cuando el propietario sea una persona jur\u00eddica gran tenedor<\/strong>, la renta de los nuevos contratos suscritos en \u00e1reas tensionadas estar\u00e1 limitada en su caso por el contrato anterior, o el l\u00edmite m\u00e1ximo del precio aplicable conforme al sistema de \u00edndices de precios de referencia. No obstante, se establece un per\u00edodo de 18 meses desde la aprobaci\u00f3n de la ley para la aplicaci\u00f3n de esta limitaci\u00f3n referida a sistema de \u00edndices de referencia, a fin de que la administraci\u00f3n estatal establezca un sistema que pueda ser utilizado para estas limitaciones en los precios del alquiler en zonas tensionadas<\/li>\n<\/ul>\n<p><strong>Creaci\u00f3n de un entorno fiscal favorable para la reducci\u00f3n de los precios del alquiler y el incremento de la oferta a precio asequible<\/strong><\/p>\n<p>Se establece una\u00a0<strong>mejora de la regulaci\u00f3n del IRPF<\/strong>\u00a0para estimular el alquiler de vivienda habitual a precios asequibles, a trav\u00e9s de la modulaci\u00f3n de la reducci\u00f3n del rendimiento neto del alquiler de vivienda habitual. Para ello, se establece en los nuevos contratos de arrendamiento un porcentaje de reducci\u00f3n del 50%, que podr\u00e1 incrementarse en funci\u00f3n de los siguientes criterios:<\/p>\n<table width=\"652\">\n<tbody>\n<tr>\n<td width=\"69\"><strong>90%<\/strong><\/td>\n<td width=\"583\">Bajada de la renta en zona tensionada. Cuando se firme un nuevo contrato en una zona de mercado residencial tensionado, con una bajada de al menos un 5% sobre la renta del contrato anterior.<\/td>\n<\/tr>\n<tr>\n<td rowspan=\"2\" width=\"69\"><strong>70%<\/strong><\/td>\n<td width=\"583\">Alquiler por primera vez de viviendas en \u00e1reas tensionadas a j\u00f3venes. En caso de nuevos contratos de arrendamiento a j\u00f3venes de entre 18 y 35 a\u00f1os en dichas \u00e1reas.<\/td>\n<\/tr>\n<tr>\n<td width=\"583\">Vivienda asequible incentivada o protegida. Vivienda arrendada a la Administraci\u00f3n p\u00fablica o entidad del tercer sector, o acogida a alg\u00fan programa p\u00fablico de vivienda que limite la renta del alquiler<\/td>\n<\/tr>\n<tr>\n<td width=\"69\"><strong>60%<\/strong><\/td>\n<td width=\"583\">Rehabilitaci\u00f3n o mejora. En caso de que se hubiesen llevado a cabo obras de rehabilitaci\u00f3n en los dos a\u00f1os anteriores.<\/td>\n<\/tr>\n<\/tbody>\n<\/table>\n<p><strong>Definici\u00f3n de vivienda vac\u00eda y modulaci\u00f3n del recargo del IBI<\/strong><\/p>\n<p>Se introduce una definici\u00f3n clara para que los\u00a0<strong>ayuntamientos puedan aplicar el recargo del Impuesto sobre Bienes Inmuebles<\/strong>\u00a0a aquellas viviendas vac\u00edas durante m\u00e1s de dos a\u00f1os, con un m\u00ednimo de cuatro viviendas por propietario, salvo causas justificadas de desocupaci\u00f3n temporal. Asimismo, se establece una modulaci\u00f3n del recargo actualmente situado en el 50% de la cuota l\u00edquida del IBI que podr\u00e1 alcanzar el 150%, en funci\u00f3n del tiempo de desocupaci\u00f3n y del n\u00famero de viviendas desocupadas del mismo titular en el t\u00e9rmino municipal.<\/p>\n<p><strong>Mejora de la regulaci\u00f3n del procedimiento de desahucio en situaciones de vulnerabilidad<\/strong><\/p>\n<p>Se contemplan\u00a0<strong>mejoras en el procedimiento de desahucio<\/strong>\u00a0que pueda afectar a la vivienda habitual de hogares vulnerables para garantizar una comunicaci\u00f3n efectiva y r\u00e1pida entre el \u00f3rgano judicial y los servicios sociales a trav\u00e9s de un requerimiento para que estos eval\u00faen la situaci\u00f3n y, en su caso, atiendan r\u00e1pidamente a las personas en situaci\u00f3n de vulnerabilidad econ\u00f3mica y\/o social.<\/p>\n<p>Se asegura que los Servicios Sociales\u00a0<strong>puedan ofrecer soluciones habitacionales a los afectados<\/strong>, evitando situaciones de desamparo como consecuencia del desalojo. Mientras estas soluciones se producen, se incrementan los plazos de suspensi\u00f3n de los lanzamientos en estas situaciones de vulnerabilidad, de 1 a 2 meses cuando el propietario es persona f\u00edsica, y de 3 a 4 cuando es persona jur\u00eddica. Adem\u00e1s, se introducen en el procedimiento criterios objetivos para definir las situaciones de vulnerabilidad econ\u00f3mica.<\/p>\n<p><strong>Impulso de la vivienda protegida en alquiler a precio limitado<\/strong><\/p>\n<p><strong>Se establece un porcentaje m\u00ednimo del 50 por ciento para vivienda protegida en alquiler<\/strong>\u00a0dentro del suelo de reserva para vivienda protegida.\u00a0 Asimismo, se clarifica la posibilidad de que la legislaci\u00f3n urban\u00edstica pueda establecer una reserva del 30% en suelo urbanizado, debiendo articular las administraciones urban\u00edsticas los mecanismos de compensaci\u00f3n que sean pertinentes a los afectados, sin que ello implique el establecimiento de la obligaci\u00f3n de implantar esta medida a las Comunidades Aut\u00f3nomas.<\/p>\n<p><strong>Se refuerza la actuaci\u00f3n estatal en materia de vivienda y de rehabilitaci\u00f3n, a trav\u00e9s de planes plurianuales, basados en la cooperaci\u00f3n interadministrativa<\/strong><\/p>\n<p><strong>Se regula la actuaci\u00f3n p\u00fablica en materia de vivienda<\/strong>, rehabilitaci\u00f3n y regeneraci\u00f3n urbana a trav\u00e9s de la regulaci\u00f3n, financiaci\u00f3n, y planificaci\u00f3n necesaria para garantizar su acceso a precios asequibles, as\u00ed como para favorecer la conservaci\u00f3n y mejora del parque de viviendas y de los entornos residenciales. Se define el marco general de colaboraci\u00f3n y cooperaci\u00f3n entre Administraciones P\u00fablicas en materia de vivienda, como estrategia clave para conseguir los fines de esta pol\u00edtica, a trav\u00e9s de los principales \u00f3rganos de cooperaci\u00f3n: Conferencia Sectorial, Comisi\u00f3n Multilateral y Comisiones Bilaterales.<\/p>\n<p><strong>Se crea el Consejo Asesor de Vivienda, para asegurar la participaci\u00f3n de todos los agentes en la elaboraci\u00f3n y desarrollo de las pol\u00edticas de vivienda<\/strong><\/p>\n<p><strong>Ser\u00e1 un \u00f3rgano colegiado de car\u00e1cter t\u00e9cnico, asesor y consultivo del Estado<\/strong>\u00a0para la programaci\u00f3n de las pol\u00edticas p\u00fablicas de vivienda, que estar\u00e1 integrado por asociaciones del tercer sector y otras asociaciones representativas de intereses afectados por la Ley, representantes empresariales y profesionales, del sector financiero, as\u00ed como distintos profesionales expertos en materia de vivienda, del \u00e1mbito universitario o de la investigaci\u00f3n.<\/p>\n<p><strong>M\u00e1s garant\u00edas en la compra o el alquiler de vivienda a trav\u00e9s de informaci\u00f3n b\u00e1sica de las condiciones de la operaci\u00f3n, y de las caracter\u00edsticas de la vivienda y del edificio<\/strong><\/p>\n<p>La persona interesada en la compra o arrendamiento de una vivienda que se encuentre en oferta podr\u00e1 requerir, antes de la formalizaci\u00f3n de la operaci\u00f3n y de la entrega de cualquier cantidad a cuenta,\u00a0<strong>una serie de informaci\u00f3n b\u00e1sica, acerca de las condiciones de la operaci\u00f3n y de las caracter\u00edsticas de la referida vivienda<\/strong>\u00a0y del edificio en el que se encuentra.<\/p>\n<p><strong>M\u00e1s informaci\u00f3n y transparencia en las pol\u00edticas p\u00fablicas de vivienda, para conocer todos los programas y servicios \u00fatiles para acceder a una vivienda<\/strong><\/p>\n<p>El Anteproyecto de Ley apuesta por\u00a0<strong>asegurar la transparencia y mejorar la informaci\u00f3n en diferentes \u00e1mbitos<\/strong>, entre los que se puede destacar el de la vivienda p\u00fablica. Para ello establece la obligaci\u00f3n de elaborar y mantener actualizado un inventario del parque p\u00fablico de vivienda y una memoria anual en la que se especifiquen las acciones adoptadas para reforzar dicho parque y acomodarlo a la demanda existente.<\/p>\n<p>Derecho a una vivienda digna y adecuada<\/p>\n<p>Con el conjunto de medidas recogidas en la nueva Ley Estatal de Vivienda se obedece al principio de que el\u00a0<strong>cumplimiento del \u00abderecho a una vivienda digna y adecuada\u00bb<\/strong>\u00a0recogido en el art\u00edculo 47 de la Constituci\u00f3n Espa\u00f1ola incumbe a todos los poderes p\u00fablicos sin excepci\u00f3n, que est\u00e1n obligados a cumplirlo en el marco de sus respectivas esferas de competencia.<\/p>\n<p>De esta forma, la Ley por el Derecho a la Vivienda constituye la respuesta por parte del Estado de la obligaci\u00f3n que, en el marco de sus competencias constitucionales, le incumbe en la\u00a0<strong>protecci\u00f3n del derecho a acceder a una vivienda digna y adecuada y a su disfrute<\/strong>.<\/p>\n<\/div><\/div><style type=\"text\/css\">.fusion-body .fusion-builder-column-2{width:66.666666666667% !important;margin-top : 0px;margin-bottom : 20px;}.fusion-builder-column-2 > .fusion-column-wrapper {padding-top : 75px !important;padding-right : 0px !important;margin-right : 2.88%;padding-bottom : 0px !important;padding-left : 0px !important;margin-left : 2.88%;}@media only screen and (max-width:1024px) {.fusion-body .fusion-builder-column-2{width:66.666666666667% !important;order : 0;}.fusion-builder-column-2 > .fusion-column-wrapper {margin-right : 2.88%;margin-left : 2.88%;}}@media only screen and (max-width:640px) {.fusion-body .fusion-builder-column-2{width:100% !important;order : 0;margin-top : 0px;margin-bottom : 0px;}.fusion-builder-column-2 > .fusion-column-wrapper {padding-top : 0px !important;margin-right : 1.92%;padding-bottom : 0px !important;margin-left : 1.92%;}}<\/style><\/div><\/div><style type=\"text\/css\">.fusion-body .fusion-flex-container.fusion-builder-row-2{ padding-top : 0px;margin-top : 0px;padding-right : 0px;padding-bottom : 0px;margin-bottom : 0px;padding-left : 0px;}<\/style><\/div><\/p>\n","protected":false},"excerpt":{"rendered":"","protected":false},"author":1,"featured_media":10887,"comment_status":"open","ping_status":"closed","sticky":false,"template":"","format":"standard","meta":{"footnotes":""},"categories":[61,59,56],"tags":[],"class_list":["post-10878","post","type-post","status-publish","format-standard","has-post-thumbnail","hentry","category-actualidad","category-inmobiliaria","category-juridico"],"_links":{"self":[{"href":"https:\/\/www.cudosconsultors.com\/es\/wp-json\/wp\/v2\/posts\/10878","targetHints":{"allow":["GET"]}}],"collection":[{"href":"https:\/\/www.cudosconsultors.com\/es\/wp-json\/wp\/v2\/posts"}],"about":[{"href":"https:\/\/www.cudosconsultors.com\/es\/wp-json\/wp\/v2\/types\/post"}],"author":[{"embeddable":true,"href":"https:\/\/www.cudosconsultors.com\/es\/wp-json\/wp\/v2\/users\/1"}],"replies":[{"embeddable":true,"href":"https:\/\/www.cudosconsultors.com\/es\/wp-json\/wp\/v2\/comments?post=10878"}],"version-history":[{"count":5,"href":"https:\/\/www.cudosconsultors.com\/es\/wp-json\/wp\/v2\/posts\/10878\/revisions"}],"predecessor-version":[{"id":10907,"href":"https:\/\/www.cudosconsultors.com\/es\/wp-json\/wp\/v2\/posts\/10878\/revisions\/10907"}],"wp:featuredmedia":[{"embeddable":true,"href":"https:\/\/www.cudosconsultors.com\/es\/wp-json\/wp\/v2\/media\/10887"}],"wp:attachment":[{"href":"https:\/\/www.cudosconsultors.com\/es\/wp-json\/wp\/v2\/media?parent=10878"}],"wp:term":[{"taxonomy":"category","embeddable":true,"href":"https:\/\/www.cudosconsultors.com\/es\/wp-json\/wp\/v2\/categories?post=10878"},{"taxonomy":"post_tag","embeddable":true,"href":"https:\/\/www.cudosconsultors.com\/es\/wp-json\/wp\/v2\/tags?post=10878"}],"curies":[{"name":"wp","href":"https:\/\/api.w.org\/{rel}","templated":true}]}}