{"id":17930,"date":"2024-05-21T09:16:04","date_gmt":"2024-05-21T07:16:04","guid":{"rendered":"https:\/\/www.cudosconsultors.com\/?p=17930"},"modified":"2024-05-21T09:16:04","modified_gmt":"2024-05-21T07:16:04","slug":"responsabilidad_covid","status":"publish","type":"post","link":"https:\/\/www.cudosconsultors.com\/en\/responsabilidad_covid\/","title":{"rendered":"Responsabilidad patrimonial de la administraci\u00f3n por la vacuna contra la Covid-19"},"content":{"rendered":"<p><div class=\"fusion-fullwidth fullwidth-box fusion-builder-row-1 fusion-flex-container hundred-percent-fullwidth non-hundred-percent-height-scrolling\" style=\"background-color: rgba(255,255,255,0);background-position: center center;background-repeat: no-repeat;border-width: 0px 0px 0px 0px;border-color:#e2e2e2;border-style:solid;\" ><div class=\"fusion-builder-row fusion-row fusion-flex-align-items-stretch\" style=\"width:calc( 100% + ) !important;max-width:calc( 100% + ) !important;margin-left: calc(- \/ 2 );margin-right: calc(- \/ 2 );\"><div class=\"fusion-layout-column fusion_builder_column fusion-builder-column-0 fusion_builder_column_1_1 1_1 fusion-flex-column\"><div class=\"fusion-column-wrapper fusion-flex-justify-content-center fusion-content-layout-column\" style=\"background-position:center top;background-repeat:no-repeat;-webkit-background-size:cover;-moz-background-size:cover;-o-background-size:cover;background-size:cover;background-color:#002169;border-width: 0px 0 0px 50px;border-color:#002169;border-style:solid;padding: 0px 0px 0px 0px;\"><div ><span class=\" fusion-imageframe imageframe-none imageframe-1 hover-type-zoomin\" style=\"max-width:400px;\"><img decoding=\"async\" width=\"1665\" height=\"1415\" title=\"vacuna\" src=\"https:\/\/www.cudosconsultors.com\/wp-content\/uploads\/2024\/05\/vacuna.jpg\" alt class=\"img-responsive wp-image-17935\" srcset=\"https:\/\/www.cudosconsultors.com\/wp-content\/uploads\/2024\/05\/vacuna-200x170.jpg 200w, https:\/\/www.cudosconsultors.com\/wp-content\/uploads\/2024\/05\/vacuna-400x340.jpg 400w, https:\/\/www.cudosconsultors.com\/wp-content\/uploads\/2024\/05\/vacuna-600x510.jpg 600w, https:\/\/www.cudosconsultors.com\/wp-content\/uploads\/2024\/05\/vacuna-800x680.jpg 800w, https:\/\/www.cudosconsultors.com\/wp-content\/uploads\/2024\/05\/vacuna-1200x1020.jpg 1200w, https:\/\/www.cudosconsultors.com\/wp-content\/uploads\/2024\/05\/vacuna.jpg 1665w\" sizes=\"(max-width: 640px) 100vw, 1665px\" \/><\/span><\/div><\/div><style type=\"text\/css\">.fusion-body .fusion-builder-column-0{width:100% !important;margin-top : 0px;margin-bottom : 0px;}.fusion-builder-column-0 > .fusion-column-wrapper {padding-top : 0px !important;padding-right : 0px !important;margin-right : calc( 0.013333333333333 * calc( 100% - no ) );padding-bottom : 0px !important;padding-left : 0px !important;margin-left : no;}@media only screen and (max-width:1024px) {.fusion-body .fusion-builder-column-0{width:40% !important;order : 0;}.fusion-builder-column-0 > .fusion-column-wrapper {margin-right : calc( 0 * calc( 100% - no ) );margin-left : no;}}@media only screen and (max-width:640px) {.fusion-body .fusion-builder-column-0{width:100% !important;order : 0;}.fusion-builder-column-0 > .fusion-column-wrapper {margin-right : no;margin-left : no;}}<\/style><\/div><\/div><style type=\"text\/css\">.fusion-body .fusion-flex-container.fusion-builder-row-1{ padding-top : 0px;margin-top : 0px;padding-right : 0px;padding-bottom : 0px;margin-bottom : 0px;padding-left : 0px;}<\/style><\/div><div class=\"fusion-fullwidth fullwidth-box fusion-builder-row-2 fusion-flex-container nonhundred-percent-fullwidth non-hundred-percent-height-scrolling\" style=\"background-color: rgba(255,255,255,0);background-position: center center;background-repeat: no-repeat;border-width: 0px 0px 0px 0px;border-color:#e2e2e2;border-style:solid;\" ><div class=\"fusion-builder-row fusion-row fusion-flex-align-items-flex-start\" style=\"max-width:1248px;margin-left: calc(-4% \/ 2 );margin-right: calc(-4% \/ 2 );\"><div class=\"fusion-layout-column fusion_builder_column fusion-builder-column-1 fusion_builder_column_1_3 1_3 fusion-flex-column\"><div class=\"fusion-column-wrapper fusion-flex-justify-content-flex-start fusion-content-layout-column\" style=\"background-position:left top;background-repeat:no-repeat;-webkit-background-size:cover;-moz-background-size:cover;-o-background-size:cover;background-size:cover;padding: 30px 0px 0px 0px;\"><style type='text\/css'>.reading-box-container-1 .element-bottomshadow:before,.reading-box-container-1 .element-bottomshadow:after{opacity:0.7;}<\/style><div class=\"fusion-reading-box-container reading-box-container-1 fusion-animated\" data-animationType=\"fadeInLeft\" data-animationDuration=\"0.3\" data-animationOffset=\"top-into-view\" style=\"margin-top:30px;margin-bottom:30px;\"><div class=\"reading-box\" style=\"background-color:#ffffff;border-width:5px;border-color:#ffffff;border-left-width:5px;border-left-color:var(--primary_color);border-style:solid;\"><h2>Responsabilidad patrimonial de la administraci\u00f3n por la vacuna contra la Covid-19<\/h2><div class=\"reading-box-description fusion-reading-box-additional\">21\/05\/2024<\/div><div class=\"fusion-clearfix\"><\/div><\/div><\/div><\/div><style type=\"text\/css\">.fusion-body .fusion-builder-column-1{width:33.333333333333% !important;margin-top : 0px;margin-bottom : 20px;}.fusion-builder-column-1 > .fusion-column-wrapper {padding-top : 30px !important;padding-right : 0px !important;margin-right : 5.76%;padding-bottom : 0px !important;padding-left : 0px !important;margin-left : 5.76%;}@media only screen and (max-width:1024px) {.fusion-body .fusion-builder-column-1{width:33.333333333333% !important;order : 0;}.fusion-builder-column-1 > .fusion-column-wrapper {margin-right : 5.76%;margin-left : 5.76%;}}@media only screen and (max-width:640px) {.fusion-body .fusion-builder-column-1{width:100% !important;order : 0;margin-top : 0px;margin-bottom : 0px;}.fusion-builder-column-1 > .fusion-column-wrapper {padding-top : 0px !important;margin-right : 1.92%;margin-left : 1.92%;}}<\/style><\/div><div class=\"fusion-layout-column fusion_builder_column fusion-builder-column-2 fusion_builder_column_2_3 2_3 fusion-flex-column\"><div class=\"fusion-column-wrapper fusion-flex-justify-content-flex-start fusion-content-layout-column\" style=\"background-position:left top;background-repeat:no-repeat;-webkit-background-size:cover;-moz-background-size:cover;-o-background-size:cover;background-size:cover;padding: 75px 0px 0px 0px;\"><div class=\"fusion-text fusion-text-1\"><p>El Tribunal Superior de Justicia de Extremadura (TSJEX) confirm\u00f3 la condena al Servicio Extreme\u00f1o de Salud (SES) a indemnizar con 40.000 euros, en concepto de responsabilidad patrimonial, a una mujer que sufri\u00f3 una trombosis a consecuencia de inocularse contra el COVID-19 con la vacuna Janssen.<\/p>\n<p>El tribunal consider\u00f3 que la vacunaci\u00f3n contra el Covid-19 ten\u00eda una finalidad protectora colectiva, con el objetivo de frenar la propagaci\u00f3n del virus. Por ello, a pesar de considerar que no se produjo una <em>mala praxis<\/em> ni una infracci\u00f3n de la <em>lex artis ad hoc<\/em>, la Sentencia afirma la existencia de responsabilidad patrimonial en base al principio de solidaridad, dado que es la sociedad en su conjunto, representada por la Administraci\u00f3n, la que debe asumir los da\u00f1os que puedan derivarse de la vacunaci\u00f3n. Este principio, que ya se ha aplicado en otros casos de vacunaci\u00f3n obligatoria o altamente recomendada, comporta que los da\u00f1os derivados de estos procedimientos sean indemnizados por los beneficios colectivos que producen.<\/p>\n<p>Sin embargo, el TSJ de Extremadura ha determinado que, en situaciones de elevado riesgo, como la vacunaci\u00f3n masiva en una pandemia, quien crea el riesgo debe asumir la responsabilidad de los da\u00f1os ocasionados. En este caso, la Administraci\u00f3n promovi\u00f3 activamente la vacunaci\u00f3n, incluso dificultando actividades para aquellos que no se vacunaran, creando as\u00ed una situaci\u00f3n en la que los ciudadanos asumieron el riesgo de posibles efectos adversos. La creaci\u00f3n de ese riesgo justifica la indemnizaci\u00f3n a los perjudicados.<\/p>\n<p>Por \u00faltimo, la resoluci\u00f3n remarca que, de no indemnizar a los ciudadanos perjudicados por efectos adversos de la vacunaci\u00f3n, se romper\u00eda el principio de igualdad en el levantamiento de las cargas p\u00fablicas. Todos los ciudadanos vacunados contribuyeron al control de la pandemia, por lo que es justo que la sociedad, a trav\u00e9s de la Administraci\u00f3n, asuma las consecuencias adversas sufridas por unos pocos.<\/p>\n<p>No obstante, recuerde que si se ha encontrado en una situaci\u00f3n similar, puede dirigirse a <strong>Cud\u00f3s Consultors<\/strong> y le asesoraremos con la m\u00e1xima seguridad y garant\u00eda para iniciar los tr\u00e1mites correspondientes.<\/p>\n<p><strong>Nerea Villa Vicente<\/strong><br \/>\nAsesora jur\u00eddica del Departamento de Derecho P\u00fablico de Cud\u00f3s Consultors.<\/p>\n<\/div><\/div><style type=\"text\/css\">.fusion-body .fusion-builder-column-2{width:66.666666666667% !important;margin-top : 0px;margin-bottom : 20px;}.fusion-builder-column-2 > .fusion-column-wrapper {padding-top : 75px !important;padding-right : 0px !important;margin-right : 2.88%;padding-bottom : 0px !important;padding-left : 0px !important;margin-left : 2.88%;}@media only screen and (max-width:1024px) {.fusion-body .fusion-builder-column-2{width:66.666666666667% !important;order : 0;}.fusion-builder-column-2 > .fusion-column-wrapper {margin-right : 2.88%;margin-left : 2.88%;}}@media only screen and (max-width:640px) {.fusion-body .fusion-builder-column-2{width:100% !important;order : 0;margin-top : 0px;margin-bottom : 0px;}.fusion-builder-column-2 > .fusion-column-wrapper {padding-top : 0px !important;margin-right : 1.92%;padding-bottom : 0px !important;margin-left : 1.92%;}}<\/style><\/div><\/div><style type=\"text\/css\">.fusion-body .fusion-flex-container.fusion-builder-row-2{ padding-top : 0px;margin-top : 0px;padding-right : 0px;padding-bottom : 0px;margin-bottom : 0px;padding-left : 0px;}<\/style><\/div><\/p>\n","protected":false},"excerpt":{"rendered":"","protected":false},"author":1,"featured_media":17935,"comment_status":"open","ping_status":"closed","sticky":false,"template":"","format":"standard","meta":{"footnotes":""},"categories":[86,84],"tags":[],"class_list":["post-17930","post","type-post","status-publish","format-standard","has-post-thumbnail","hentry","category-juridico-en","category-news"],"_links":{"self":[{"href":"https:\/\/www.cudosconsultors.com\/en\/wp-json\/wp\/v2\/posts\/17930","targetHints":{"allow":["GET"]}}],"collection":[{"href":"https:\/\/www.cudosconsultors.com\/en\/wp-json\/wp\/v2\/posts"}],"about":[{"href":"https:\/\/www.cudosconsultors.com\/en\/wp-json\/wp\/v2\/types\/post"}],"author":[{"embeddable":true,"href":"https:\/\/www.cudosconsultors.com\/en\/wp-json\/wp\/v2\/users\/1"}],"replies":[{"embeddable":true,"href":"https:\/\/www.cudosconsultors.com\/en\/wp-json\/wp\/v2\/comments?post=17930"}],"version-history":[{"count":2,"href":"https:\/\/www.cudosconsultors.com\/en\/wp-json\/wp\/v2\/posts\/17930\/revisions"}],"predecessor-version":[{"id":17948,"href":"https:\/\/www.cudosconsultors.com\/en\/wp-json\/wp\/v2\/posts\/17930\/revisions\/17948"}],"wp:featuredmedia":[{"embeddable":true,"href":"https:\/\/www.cudosconsultors.com\/en\/wp-json\/wp\/v2\/media\/17935"}],"wp:attachment":[{"href":"https:\/\/www.cudosconsultors.com\/en\/wp-json\/wp\/v2\/media?parent=17930"}],"wp:term":[{"taxonomy":"category","embeddable":true,"href":"https:\/\/www.cudosconsultors.com\/en\/wp-json\/wp\/v2\/categories?post=17930"},{"taxonomy":"post_tag","embeddable":true,"href":"https:\/\/www.cudosconsultors.com\/en\/wp-json\/wp\/v2\/tags?post=17930"}],"curies":[{"name":"wp","href":"https:\/\/api.w.org\/{rel}","templated":true}]}}