{"id":17668,"date":"2024-04-04T08:57:41","date_gmt":"2024-04-04T06:57:41","guid":{"rendered":"https:\/\/www.cudosconsultors.com\/?p=17668"},"modified":"2024-04-04T08:59:48","modified_gmt":"2024-04-04T06:59:48","slug":"reponsabilidad_administradores","status":"publish","type":"post","link":"https:\/\/www.cudosconsultors.com\/en\/reponsabilidad_administradores\/","title":{"rendered":"La responsabilidad de los administradores por deudas ya no prescribe a los cuatro a\u00f1os"},"content":{"rendered":"<p><div class=\"fusion-fullwidth fullwidth-box fusion-builder-row-1 fusion-flex-container hundred-percent-fullwidth non-hundred-percent-height-scrolling\" style=\"background-color: rgba(255,255,255,0);background-position: center center;background-repeat: no-repeat;border-width: 0px 0px 0px 0px;border-color:#e2e2e2;border-style:solid;\" ><div class=\"fusion-builder-row fusion-row fusion-flex-align-items-stretch\" style=\"width:calc( 100% + ) !important;max-width:calc( 100% + ) !important;margin-left: calc(- \/ 2 );margin-right: calc(- \/ 2 );\"><div class=\"fusion-layout-column fusion_builder_column fusion-builder-column-0 fusion_builder_column_1_1 1_1 fusion-flex-column\"><div class=\"fusion-column-wrapper fusion-flex-justify-content-center fusion-content-layout-column\" style=\"background-position:center top;background-repeat:no-repeat;-webkit-background-size:cover;-moz-background-size:cover;-o-background-size:cover;background-size:cover;background-color:#002169;border-width: 0px 0 0px 50px;border-color:#002169;border-style:solid;padding: 0px 0px 0px 0px;\"><div ><span class=\" fusion-imageframe imageframe-none imageframe-1 hover-type-zoomin\" style=\"max-width:400px;\"><img decoding=\"async\" width=\"2000\" height=\"1544\" title=\"administrador\" src=\"https:\/\/www.cudosconsultors.com\/wp-content\/uploads\/2024\/04\/administrador.jpg\" alt class=\"img-responsive wp-image-17673\" srcset=\"https:\/\/www.cudosconsultors.com\/wp-content\/uploads\/2024\/04\/administrador-200x154.jpg 200w, https:\/\/www.cudosconsultors.com\/wp-content\/uploads\/2024\/04\/administrador-400x309.jpg 400w, https:\/\/www.cudosconsultors.com\/wp-content\/uploads\/2024\/04\/administrador-600x463.jpg 600w, https:\/\/www.cudosconsultors.com\/wp-content\/uploads\/2024\/04\/administrador-800x618.jpg 800w, https:\/\/www.cudosconsultors.com\/wp-content\/uploads\/2024\/04\/administrador-1200x926.jpg 1200w, https:\/\/www.cudosconsultors.com\/wp-content\/uploads\/2024\/04\/administrador.jpg 2000w\" sizes=\"(max-width: 640px) 100vw, 2000px\" \/><\/span><\/div><\/div><style type=\"text\/css\">.fusion-body .fusion-builder-column-0{width:100% !important;margin-top : 0px;margin-bottom : 0px;}.fusion-builder-column-0 > .fusion-column-wrapper {padding-top : 0px !important;padding-right : 0px !important;margin-right : calc( 0.013333333333333 * calc( 100% - no ) );padding-bottom : 0px !important;padding-left : 0px !important;margin-left : no;}@media only screen and (max-width:1024px) {.fusion-body .fusion-builder-column-0{width:40% !important;order : 0;}.fusion-builder-column-0 > .fusion-column-wrapper {margin-right : calc( 0 * calc( 100% - no ) );margin-left : no;}}@media only screen and (max-width:640px) {.fusion-body .fusion-builder-column-0{width:100% !important;order : 0;}.fusion-builder-column-0 > .fusion-column-wrapper {margin-right : no;margin-left : no;}}<\/style><\/div><\/div><style type=\"text\/css\">.fusion-body .fusion-flex-container.fusion-builder-row-1{ padding-top : 0px;margin-top : 0px;padding-right : 0px;padding-bottom : 0px;margin-bottom : 0px;padding-left : 0px;}<\/style><\/div><div class=\"fusion-fullwidth fullwidth-box fusion-builder-row-2 fusion-flex-container nonhundred-percent-fullwidth non-hundred-percent-height-scrolling\" style=\"background-color: rgba(255,255,255,0);background-position: center center;background-repeat: no-repeat;border-width: 0px 0px 0px 0px;border-color:#e2e2e2;border-style:solid;\" ><div class=\"fusion-builder-row fusion-row fusion-flex-align-items-flex-start\" style=\"max-width:1248px;margin-left: calc(-4% \/ 2 );margin-right: calc(-4% \/ 2 );\"><div class=\"fusion-layout-column fusion_builder_column fusion-builder-column-1 fusion_builder_column_1_3 1_3 fusion-flex-column\"><div class=\"fusion-column-wrapper fusion-flex-justify-content-flex-start fusion-content-layout-column\" style=\"background-position:left top;background-repeat:no-repeat;-webkit-background-size:cover;-moz-background-size:cover;-o-background-size:cover;background-size:cover;padding: 30px 0px 0px 0px;\"><style type='text\/css'>.reading-box-container-1 .element-bottomshadow:before,.reading-box-container-1 .element-bottomshadow:after{opacity:0.7;}<\/style><div class=\"fusion-reading-box-container reading-box-container-1 fusion-animated\" data-animationType=\"fadeInLeft\" data-animationDuration=\"0.3\" data-animationOffset=\"top-into-view\" style=\"margin-top:30px;margin-bottom:30px;\"><div class=\"reading-box\" style=\"background-color:#ffffff;border-width:5px;border-color:#ffffff;border-left-width:5px;border-left-color:var(--primary_color);border-style:solid;\"><h2>La responsabilidad de los administradores por deudas ya no prescribe a los cuatro a\u00f1os<\/h2><div class=\"reading-box-description fusion-reading-box-additional\">04\/04\/2024<\/div><div class=\"fusion-clearfix\"><\/div><\/div><\/div><\/div><style type=\"text\/css\">.fusion-body .fusion-builder-column-1{width:33.333333333333% !important;margin-top : 0px;margin-bottom : 20px;}.fusion-builder-column-1 > .fusion-column-wrapper {padding-top : 30px !important;padding-right : 0px !important;margin-right : 5.76%;padding-bottom : 0px !important;padding-left : 0px !important;margin-left : 5.76%;}@media only screen and (max-width:1024px) {.fusion-body .fusion-builder-column-1{width:33.333333333333% !important;order : 0;}.fusion-builder-column-1 > .fusion-column-wrapper {margin-right : 5.76%;margin-left : 5.76%;}}@media only screen and (max-width:640px) {.fusion-body .fusion-builder-column-1{width:100% !important;order : 0;margin-top : 0px;margin-bottom : 0px;}.fusion-builder-column-1 > .fusion-column-wrapper {padding-top : 0px !important;margin-right : 1.92%;margin-left : 1.92%;}}<\/style><\/div><div class=\"fusion-layout-column fusion_builder_column fusion-builder-column-2 fusion_builder_column_2_3 2_3 fusion-flex-column\"><div class=\"fusion-column-wrapper fusion-flex-justify-content-flex-start fusion-content-layout-column\" style=\"background-position:left top;background-repeat:no-repeat;-webkit-background-size:cover;-moz-background-size:cover;-o-background-size:cover;background-size:cover;padding: 75px 0px 0px 0px;\"><div class=\"fusion-text fusion-text-1\"><p>El Tribunal Supremo lo ha dicho: \u201cLas acciones de responsabilidad frente a los administradores por deudas sociales no est\u00e1n sometidas al plazo general y com\u00fan de prescripci\u00f3n de cuatro a\u00f1os, sino que prescriben en funci\u00f3n de la naturaleza de la deuda que garantizan.<\/p>\n<p>Cuando una sociedad mercantil se encuentra en causa de disoluci\u00f3n, la normativa vigente obliga a sus administradores a convocar una junta general en el plazo de dos meses para intentar subsanar tal situaci\u00f3n, acordar la disoluci\u00f3n de la empresa, o comunicarlo al Juzgado si no se han podido adoptar ninguna de estas dos medidas.<\/p>\n<p>Si los gestores sociales incumplen esta imposici\u00f3n, se convierten en responsables solidarios de las deudas, de tal forma que los acreedores podr\u00e1n reclamar no s\u00f3lo contra la empresa, sino tambi\u00e9n contra ellos. (art. 367 de la TRLSC).<\/p>\n<p><strong>Prescripci\u00f3n de la responsabilidad<\/strong><br \/>\nLa historia sobre los plazos de prescripci\u00f3n de las acciones de responsabilidad de los administradores es larga y variopinta. Ha estado marcada por importantes cambios jurisprudenciales y legales. Hasta ahora, exist\u00eda un amplio debate sobre si esa responsabilidad solidaria prescrib\u00eda a los cuatro a\u00f1os a contar desde el cese de \u00e9stos en el ejercicio del cargo, tal y como establece el art. 949 CCom, o si, por el contrario, prescribe a los cuatro a\u00f1os a contar desde el d\u00eda en que la acci\u00f3n de responsabilidad \u201chubiera podido ejercitarse\u201d, seg\u00fan indica el art. 241 bis TRLSC.<\/p>\n<p>Parec\u00eda estar claro que las dos \u00fanicas opciones eran \u00e9stas, y que por lo tanto el plazo de prescripci\u00f3n era, en cualquier caso, de cuatro a\u00f1os.<\/p>\n<p>La Ley 31\/21014, de 3 de diciembre, por la que se modifica la Ley de Sociedades de Capital en materia de gobierno corporativo), introdujo una nueva regla relativa al plazo de ejercicio de las acciones de responsabilidad de administradores de sociedades de capital. Tal y como establece el art\u00edculo 241 bis: <em>\u201cLa acci\u00f3n de responsabilidad contra los administradores, sea social o individual, prescribir\u00e1 a los cuatro a\u00f1os a contar desde el d\u00eda en que hubiera podido ejercitarse\u201d<\/em>. Frente a ello est\u00e1 el art\u00edculo 949 del C\u00f3digo de Comercio (\u201cCCom\u201d), seg\u00fan el cual: <em>\u201cLa acci\u00f3n contra los socios gerentes y administradores de las compa\u00f1\u00edas o sociedades terminar\u00e1 a los cuatro a\u00f1os, a contar desde que por cualquier motivo cesaren en el ejercicio de la administraci\u00f3n\u201d<\/em>.<\/p>\n<p>Con el reciente pronunciamiento del Alto Tribunal (STS 15127 2023 de 31 de octubre), se modifica totalmente el criterio interpretativo y se establece \u201cpor primera vez\u201d que, en los casos de responsabilidad del art. 367TR LSC, no son aplicables ni el art. 241 bis TRLSC ni el 949 CCom, y que el plazo de prescripci\u00f3n ya no ser\u00e1 en todo caso de cuatro a\u00f1os, sino que ser\u00e1 el que la ley prevea para la obligaci\u00f3n garantizada.<\/p>\n<p>El Tribunal Supremo se\u00f1ala que el art\u00edculo 367 de la Ley de Sociedades de Capital convierte a los administradores en garantes personales y solidarios de las deudas de la empresa. En consecuencia, el plazo de prescripci\u00f3n de su responsabilidad es el mismo que tenga la deuda que avala y el dies a quo (inicio del c\u00f3mputo) es el mismo que el de la acci\u00f3n contra la sociedad.<\/p>\n<p>Tras esta \u00faltima interpretaci\u00f3n si la deuda social es de origen extracontractual las acciones frente a los administradores prescribir\u00e1n en s\u00f3lo un a\u00f1o, mientras que podr\u00edan prescribir en cinco a\u00f1os si la deuda trae causa de una obligaci\u00f3n contractual.<\/p>\n<p>A partir de ahora, o mejor dicho cuando este pronunciamiento se reitere y siente jurisprudencia, para determinar si una acci\u00f3n de responsabilidad por deudas sociales es viable o est\u00e1 prescrita, ser\u00e1 necesario:<\/p>\n<ul>\n<li>Determinar la naturaleza de la deuda que se reclama.<\/li>\n<li>Conocer el plazo de prescripci\u00f3n y el dies a quo (inicio del c\u00f3mputo) aplicable, y finalmente.<\/li>\n<li>Determinar si la acci\u00f3n de responsabilidad est\u00e1, o no, prescrita.<\/li>\n<\/ul>\n<p><strong>Antecedentes<\/strong><br \/>\nLa Sentencia del Tribunal Supremo de 31 de octubre, n\u00fam. 1512\/2023, trae causa de una demanda de reclamaci\u00f3n de cantidad de responsabilidad contra una sociedad limitada por el impago de unos suministros. La sociedad no pudo ser emplazada, al haber desaparecido, y lo fue finalmente en la persona de su administrador, contra quien se ejercit\u00f3 acumuladamente las acciones de responsabilidad individual de administradores (arts. 236 y 241 TRLSC) y responsabilidad por deudas (art\u00edculo 105.5 LSRL, actual art\u00edculo 367 TRLSC).<\/p>\n<p>El Juzgado de lo Mercantil n\u00fam. 2 de Zaragoza desestim\u00f3 la demanda, al considerar que la acci\u00f3n estaba prescrita conforme al art\u00edculo 241 bis TRLSC en la medida que hab\u00edan pasado m\u00e1s de cuatro a\u00f1os \u201cdesde el d\u00eda en que (la acci\u00f3n) hubiera podido ejercitarse\u201d.<\/p>\n<p>El recurso de apelaci\u00f3n interpuesto por el demandante fue estimado por la Audiencia Provincial, considerando que el art\u00edculo 241 bis TRLSC no se aplicaba a la responsabilidad por deudas, sino que el plazo de prescripci\u00f3n id\u00f3neo era el del art\u00edculo 949 Ccom que se computa \u201cdesde que (\u2026) cesaren en el ejercicio de la administraci\u00f3n\u201d. En el caso concreto, al no haber cesado el administrador la acci\u00f3n no estaba prescrita. Al concurrir los elementos del art\u00edculo 367 LSC, revoc\u00f3 la sentencia de primera instancia y estim\u00f3 la demanda de condena al pago.<\/p>\n<p><strong>La decisi\u00f3n del Tribunal Supremo<\/strong><br \/>\nEl Tribunal se\u00f1ala que el plazo de prescripci\u00f3n aplicable a la responsabilidad por deudas de los administradores sociales del art\u00edculo 367 TRLSC est\u00e1 ligada a la naturaleza de esta acci\u00f3n. Considera que este precepto \u201cconvierte a los administradores en garantes personales y solidarios de las obligaciones de la sociedad posteriores a la fecha de concurrencia de la causa de disoluci\u00f3n\u201d.<\/p>\n<p>A partir de aqu\u00ed concluye que el plazo de prescripci\u00f3n:<\/p>\n<ul>\n<li>No es el del art\u00edculo 241 bis TRLSC, previsto exclusivamente para las acciones individual y social (que son acciones de da\u00f1os), pero no para la acci\u00f3n de responsabilidad por deudas sociales (que es una acci\u00f3n de responsabilidad por deuda ajena, ex lege, con presupuestos propios). La ubicaci\u00f3n diferenciada del art\u00edculo 367 TRLSC respecto de la acci\u00f3n social e individual de responsabilidad y la correspondiente regla de prescripci\u00f3n se utiliza como argumento de refuerzo para negar la eventual aplicaci\u00f3n anal\u00f3gica a la prescripci\u00f3n de la responsabilidad por deudas.<\/li>\n<li>No es el del art\u00edculo 949 Ccom, puesto que, tras la introducci\u00f3n del art\u00edculo 241 bis TRLSC por la Ley 31\/2014, el \u00e1mbito de este precepto ha quedado circunscrito a las sociedades de personas, reguladas en el C\u00f3digo de Comercio, sin que resulte de aplicaci\u00f3n a las sociedades de capital.<\/li>\n<\/ul>\n<p>Las consecuencias pr\u00e1cticas de esta lectura legal llevan al administrador que, por cualquier causa, haya cesado en el desempe\u00f1o de su cargo, a ser responsable (como garante solidario) del impago de un cr\u00e9dito hasta que no transcurra el plazo de prescripci\u00f3n de dicho cr\u00e9dito frente a la sociedad (que, a falta de plazo expreso, ser\u00e1 el de cinco a\u00f1os del art\u00edculo 1964 CC).<\/p>\n<p>Tenga en cuenta que se trata de una \u00fanica sentencia del Tribunal Supremo, no dictada por el Pleno, por lo que para que se genere jurisprudencia este criterio tendr\u00eda que confirmarse con una segunda resoluci\u00f3n del Alto Tribunal.<\/p>\n<\/div><\/div><style type=\"text\/css\">.fusion-body .fusion-builder-column-2{width:66.666666666667% !important;margin-top : 0px;margin-bottom : 20px;}.fusion-builder-column-2 > .fusion-column-wrapper {padding-top : 75px !important;padding-right : 0px !important;margin-right : 2.88%;padding-bottom : 0px !important;padding-left : 0px !important;margin-left : 2.88%;}@media only screen and (max-width:1024px) {.fusion-body .fusion-builder-column-2{width:66.666666666667% !important;order : 0;}.fusion-builder-column-2 > .fusion-column-wrapper {margin-right : 2.88%;margin-left : 2.88%;}}@media only screen and (max-width:640px) {.fusion-body .fusion-builder-column-2{width:100% !important;order : 0;margin-top : 0px;margin-bottom : 0px;}.fusion-builder-column-2 > .fusion-column-wrapper {padding-top : 0px !important;margin-right : 1.92%;padding-bottom : 0px !important;margin-left : 1.92%;}}<\/style><\/div><\/div><style type=\"text\/css\">.fusion-body .fusion-flex-container.fusion-builder-row-2{ padding-top : 0px;margin-top : 0px;padding-right : 0px;padding-bottom : 0px;margin-bottom : 0px;padding-left : 0px;}<\/style><\/div><\/p>\n","protected":false},"excerpt":{"rendered":"","protected":false},"author":1,"featured_media":17673,"comment_status":"open","ping_status":"closed","sticky":false,"template":"","format":"standard","meta":{"footnotes":""},"categories":[86],"tags":[],"class_list":["post-17668","post","type-post","status-publish","format-standard","has-post-thumbnail","hentry","category-juridico-en"],"_links":{"self":[{"href":"https:\/\/www.cudosconsultors.com\/en\/wp-json\/wp\/v2\/posts\/17668","targetHints":{"allow":["GET"]}}],"collection":[{"href":"https:\/\/www.cudosconsultors.com\/en\/wp-json\/wp\/v2\/posts"}],"about":[{"href":"https:\/\/www.cudosconsultors.com\/en\/wp-json\/wp\/v2\/types\/post"}],"author":[{"embeddable":true,"href":"https:\/\/www.cudosconsultors.com\/en\/wp-json\/wp\/v2\/users\/1"}],"replies":[{"embeddable":true,"href":"https:\/\/www.cudosconsultors.com\/en\/wp-json\/wp\/v2\/comments?post=17668"}],"version-history":[{"count":2,"href":"https:\/\/www.cudosconsultors.com\/en\/wp-json\/wp\/v2\/posts\/17668\/revisions"}],"predecessor-version":[{"id":17683,"href":"https:\/\/www.cudosconsultors.com\/en\/wp-json\/wp\/v2\/posts\/17668\/revisions\/17683"}],"wp:featuredmedia":[{"embeddable":true,"href":"https:\/\/www.cudosconsultors.com\/en\/wp-json\/wp\/v2\/media\/17673"}],"wp:attachment":[{"href":"https:\/\/www.cudosconsultors.com\/en\/wp-json\/wp\/v2\/media?parent=17668"}],"wp:term":[{"taxonomy":"category","embeddable":true,"href":"https:\/\/www.cudosconsultors.com\/en\/wp-json\/wp\/v2\/categories?post=17668"},{"taxonomy":"post_tag","embeddable":true,"href":"https:\/\/www.cudosconsultors.com\/en\/wp-json\/wp\/v2\/tags?post=17668"}],"curies":[{"name":"wp","href":"https:\/\/api.w.org\/{rel}","templated":true}]}}